{"id":8422,"date":"2023-10-04T06:47:36","date_gmt":"2023-10-04T09:47:36","guid":{"rendered":"https:\/\/www.programapodcast.com.br\/v1\/?p=8422"},"modified":"2023-10-04T06:47:36","modified_gmt":"2023-10-04T09:47:36","slug":"mais-uma-familia-beneficiada-com-o-programa-meu-lar","status":"publish","type":"post","link":"https:\/\/www.programapodcast.com.br\/v1\/2023\/10\/04\/mais-uma-familia-beneficiada-com-o-programa-meu-lar\/","title":{"rendered":"Mais uma fam\u00edlia beneficiada com o programa Meu Lar"},"content":{"rendered":"<p class=\"western\" align=\"justify\"><span style=\"font-family: Helvetica\"><span style=\"font-size: large\"><span style=\"color: #000000\">A \u00faltima segunda-feira, 02, foi mais um dia de levar dignidade \u00e0 popula\u00e7\u00e3o atrav\u00e9s de uma moradia mais confort\u00e1vel, segura e muito mais bonita.<\/span><\/span><\/span><\/p>\n<p class=\"western\" align=\"justify\"><span style=\"font-family: Helvetica\"><span style=\"font-size: large\"><span style=\"color: #000000\">O programa Meu Lar entregou, no bairro Nova Itapetinga, a 12\u00b0 resid\u00eancia completamente reformada. O projeto incluiu reforma estrutural, novas \u00e1reas de ilumina\u00e7\u00e3o, reconstru\u00e7\u00e3o de parte hidr\u00e1ulica e el\u00e9trica, al\u00e9m de pintura, cuidados com telhado e instala\u00e7\u00e3o de forro. Mais uma fam\u00edlia pode voltar para uma casa mais nova, com estrutura capaz de formar um cen\u00e1rio prop\u00edcio para a constru\u00e7\u00e3o de um verdadeiro lar.<\/span><\/span><\/span><\/p>\n<p class=\"western\" align=\"justify\"><span style=\"font-family: Helvetica\"><span style=\"font-size: large\"><span style=\"color: #000000\">\u201cDesde que demos in\u00edcio ao programa, o nosso objetivo \u00e9 garantir a dignidade da pessoa humana. \u00c9 a fun\u00e7\u00e3o da administra\u00e7\u00e3o p\u00fablica oferecer meios para que a popula\u00e7\u00e3o construa uma vida melhor. Itapetinga tem avan\u00e7ado em desenvolvimento econ\u00f4mico, gerado emprego e renda, aperfei\u00e7oado os servi\u00e7os p\u00fablicos\u2026 agora a gente quer oferecer um lar confort\u00e1vel, aconchegante e digno para as fam\u00edlias itapetinguenses\u201d, explicou Yasmin Lima, primeira-dama e coordenadora do programa.<\/span><\/span><\/span><\/p>\n<p class=\"western\" align=\"justify\"><span style=\"font-family: Helvetica\"><span style=\"font-size: large\"><span style=\"color: #000000\">\u201cExistem obras com investimentos grandiosos, mas existem outras que trazem para n\u00f3s um retorno que n\u00e3o conseguimos calcular. Oferecer para a nossa gente um lar \u00e9 uma dessas miss\u00f5es que, quando cumpridas nos faz entender o prop\u00f3sito do nosso trabalho\u201d, falou o prefeito Rodrigo Hagge.<\/span><\/span><\/span><\/p>\n<p align=\"justify\"><span style=\"color: #ffffff\">www.programapodcast.com.br<\/span><\/p>\n<p align=\"justify\"><img decoding=\"async\" loading=\"lazy\" class=\"size-full wp-image-8423 aligncenter\" src=\"https:\/\/www.programapodcast.com.br\/v1\/wp-content\/uploads\/2023\/10\/WhatsApp-2023-10-03-at-08.44.51-990x661-1.jpg\" alt=\"\" width=\"770\" height=\"501\" srcset=\"https:\/\/www.programapodcast.com.br\/v1\/wp-content\/uploads\/2023\/10\/WhatsApp-2023-10-03-at-08.44.51-990x661-1.jpg 770w, https:\/\/www.programapodcast.com.br\/v1\/wp-content\/uploads\/2023\/10\/WhatsApp-2023-10-03-at-08.44.51-990x661-1-300x195.jpg 300w, https:\/\/www.programapodcast.com.br\/v1\/wp-content\/uploads\/2023\/10\/WhatsApp-2023-10-03-at-08.44.51-990x661-1-768x500.jpg 768w\" sizes=\"(max-width: 770px) 100vw, 770px\" \/><\/p>\n","protected":false},"excerpt":{"rendered":"<p>A \u00faltima segunda-feira, 02, foi mais um dia de levar dignidade \u00e0 popula\u00e7\u00e3o atrav\u00e9s de uma moradia mais confort\u00e1vel, segura e muito mais bonita. O programa Meu Lar entregou, no bairro Nova Itapetinga, a 12\u00b0 resid\u00eancia completamente reformada. O projeto incluiu reforma estrutural, novas \u00e1reas de ilumina\u00e7\u00e3o, reconstru\u00e7\u00e3o de parte hidr\u00e1ulica e el\u00e9trica, al\u00e9m de &hellip;<\/p>\n","protected":false},"author":3,"featured_media":8424,"comment_status":"closed","ping_status":"closed","sticky":false,"template":"","format":"standard","meta":{"_links_to":"","_links_to_target":""},"categories":[13],"tags":[],"views":288,"_links":{"self":[{"href":"https:\/\/www.programapodcast.com.br\/v1\/wp-json\/wp\/v2\/posts\/8422"}],"collection":[{"href":"https:\/\/www.programapodcast.com.br\/v1\/wp-json\/wp\/v2\/posts"}],"about":[{"href":"https:\/\/www.programapodcast.com.br\/v1\/wp-json\/wp\/v2\/types\/post"}],"author":[{"embeddable":true,"href":"https:\/\/www.programapodcast.com.br\/v1\/wp-json\/wp\/v2\/users\/3"}],"replies":[{"embeddable":true,"href":"https:\/\/www.programapodcast.com.br\/v1\/wp-json\/wp\/v2\/comments?post=8422"}],"version-history":[{"count":1,"href":"https:\/\/www.programapodcast.com.br\/v1\/wp-json\/wp\/v2\/posts\/8422\/revisions"}],"predecessor-version":[{"id":8425,"href":"https:\/\/www.programapodcast.com.br\/v1\/wp-json\/wp\/v2\/posts\/8422\/revisions\/8425"}],"wp:featuredmedia":[{"embeddable":true,"href":"https:\/\/www.programapodcast.com.br\/v1\/wp-json\/wp\/v2\/media\/8424"}],"wp:attachment":[{"href":"https:\/\/www.programapodcast.com.br\/v1\/wp-json\/wp\/v2\/media?parent=8422"}],"wp:term":[{"taxonomy":"category","embeddable":true,"href":"https:\/\/www.programapodcast.com.br\/v1\/wp-json\/wp\/v2\/categories?post=8422"},{"taxonomy":"post_tag","embeddable":true,"href":"https:\/\/www.programapodcast.com.br\/v1\/wp-json\/wp\/v2\/tags?post=8422"}],"curies":[{"name":"wp","href":"https:\/\/api.w.org\/{rel}","templated":true}]}}