{"id":7488,"date":"2023-07-27T22:20:21","date_gmt":"2023-07-28T01:20:21","guid":{"rendered":"https:\/\/www.programapodcast.com.br\/v1\/?p=7488"},"modified":"2023-07-27T22:21:02","modified_gmt":"2023-07-28T01:21:02","slug":"saldo-de-empregos-formais-cai-263-no-1o-semestre","status":"publish","type":"post","link":"https:\/\/www.programapodcast.com.br\/v1\/2023\/07\/27\/saldo-de-empregos-formais-cai-263-no-1o-semestre\/","title":{"rendered":"SALDO DE EMPREGOS FORMAIS CAI 26,3% NO 1\u00ba SEMESTRE"},"content":{"rendered":"<p class=\"western\" align=\"justify\"><span style=\"font-family: Tahoma\"><span style=\"font-size: large\"><span style=\"color: #000000\">O CAGED (Cadastro Geral de Empregados e Desempregados) registrou a cria\u00e7\u00e3o de 1.023.540 empregos formais no 1\u00ba semestre deste ano \u00e9 o pior desempenho para o per\u00edodo desde 2020, in\u00edcio da s\u00e9rie hist\u00f3rica e o 1\u00ba ano da pandemia de covid-19. Caiu 26,3% em compara\u00e7\u00e3o com o mesmo per\u00edodo de 2022.<\/span><\/span><\/span><\/p>\n<p class=\"western\" align=\"justify\"><span style=\"font-family: Tahoma\"><span style=\"font-size: large\"><span style=\"color: #000000\">Segundo o Minist\u00e9rio do Trabalho e Emprego, o setor de servi\u00e7os foi o que mais empregou de janeiro a junho, com saldo de 599.454. Todos os outros setores tiveram resultado positivo no 1\u00ba semestre: constru\u00e7\u00e3o (169.531), ind\u00fastria (135.361), agropecu\u00e1ria (86.837) e com\u00e9rcio (32.367). Segundo o governo, junho registrou 602.804 pedidos de seguro-desemprego, uma alta de 11,7% em compara\u00e7\u00e3o com o mesmo m\u00eas do ano passado.<\/span><\/span><\/span><\/p>\n<p align=\"justify\"><img decoding=\"async\" loading=\"lazy\" class=\"wp-image-7490 aligncenter\" src=\"https:\/\/www.programapodcast.com.br\/v1\/wp-content\/uploads\/2023\/07\/00011.jpg\" alt=\"\" width=\"789\" height=\"564\" srcset=\"https:\/\/www.programapodcast.com.br\/v1\/wp-content\/uploads\/2023\/07\/00011.jpg 646w, https:\/\/www.programapodcast.com.br\/v1\/wp-content\/uploads\/2023\/07\/00011-300x215.jpg 300w\" sizes=\"(max-width: 789px) 100vw, 789px\" \/><\/p>\n<p class=\"western\" align=\"justify\"><span style=\"font-family: Tahoma\"><span style=\"font-size: large\"><span style=\"color: #000000\">O ministro do Trabalho e Emprego, Luiz Marinho, disse que, se n\u00e3o fosse o comportamento &#8220;inadequado&#8221; do Banco Central, o pa\u00eds teria criado 1,2 milh\u00e3o de empregos formais no 1\u00ba semestre. Ainda assim, seria inferior ao resultado do 1\u00ba sem de 2022.<\/span><\/span><\/span><\/p>\n<p class=\"western\" align=\"justify\"><span style=\"font-family: Tahoma\"><span style=\"font-size: large\"><span style=\"color: #000000\">Marinho declarou que tem &#8220;um item&#8221; na pol\u00edtica econ\u00f4mica que atrapalha o bom desempenho, que \u00e9 a taxa b\u00e1sica de juros, a Selic, em 13,75% ao ano. Ele sugeriu um psiquiatra para o presidente da autoridade monet\u00e1ria, Roberto Campos Neto, caso n\u00e3o haja um corte nos juros na reuni\u00e3o do Copom (Comit\u00ea de Pol\u00edtica Monet\u00e1ria) de quarta-feira (2 ago.2023).<\/span><\/span><\/span><\/p>\n<p class=\"western\" align=\"justify\"><span style=\"font-family: Tahoma\"><span style=\"font-size: large\"><span style=\"color: #000000\">O ministro afirmou que os juros atrapalharam a cria\u00e7\u00e3o de empregos. Em junho, segundo ele, poderiam ter sido 200 mil novos postos de trabalho a mais, em vez dos 157 mil registrados.<\/span><\/span><\/span><\/p>\n<p class=\"western\" align=\"justify\"><span style=\"font-family: Tahoma\"><span style=\"font-size: large\"><span style=\"color: #000000\">&#8220;N\u00e3o fosse o comportamento inadequado do Banco Central, poderia ser, no m\u00ednimo, 18 mil em maio. Isso se repete tamb\u00e9m em junho. N\u00e3o fosse essa inadequa\u00e7\u00e3o esquizofr\u00eanica dos juros no Brasil, poder\u00edamos estar falando da ordem de 200 mil novos empregos&#8221;, declarou. &#8220;Se tivesse tido um comportamento diferente, talvez n\u00f3s pud\u00e9ssemos estar comemorando no 1\u00ba semestre a ordem de 1,2 milh\u00e3o ou 1,15 milh\u00e3o empregos&#8221;, completou.<\/span><\/span><\/span><\/p>\n<p class=\"western\" align=\"justify\"><strong><span style=\"font-family: Tahoma;color: #000080\"><span style=\"font-size: large\">CAGED EM JUNHO<\/span><\/span><\/strong><\/p>\n<p class=\"western\" align=\"justify\"><span style=\"font-family: Tahoma\"><span style=\"font-size: large\"><span style=\"color: #000000\">Foi registrada a cria\u00e7\u00e3o de 157.198 empregos formais &#8211; com carteira de trabalho \u2013 em junho, segundo o Minist\u00e9rio do Trabalho e Emprego, foram 1.914.130 contrata\u00e7\u00f5es contra 1756.932 demiss\u00f5es.<\/span><\/span><\/span><\/p>\n<p class=\"western\" align=\"justify\"><span style=\"font-family: Tahoma\"><span style=\"font-size: large\"><span style=\"color: #000000\">O saldo de empregos formais criados em junho foi 44,8% inferior ao registrado em junho de 2022, quando foi de 285.009 Em rela\u00e7\u00e3o a maio de 2023, subiu 1,3%.<\/span><\/span><\/span><\/p>\n<p class=\"western\" align=\"justify\"><span style=\"font-family: Tahoma\"><span style=\"font-size: large\"><span style=\"color: #000000\">O Minist\u00e9rio do Trabalho disse que o estoque de empregos com carteira assinada subiu para 43,468 milh\u00f5es em junho.<\/span><\/span><\/span><\/p>\n<p><img decoding=\"async\" loading=\"lazy\" class=\"wp-image-7491 aligncenter\" src=\"https:\/\/www.programapodcast.com.br\/v1\/wp-content\/uploads\/2023\/07\/00022.jpg\" alt=\"\" width=\"668\" height=\"740\" srcset=\"https:\/\/www.programapodcast.com.br\/v1\/wp-content\/uploads\/2023\/07\/00022.jpg 416w, https:\/\/www.programapodcast.com.br\/v1\/wp-content\/uploads\/2023\/07\/00022-271x300.jpg 271w\" sizes=\"(max-width: 668px) 100vw, 668px\" \/><\/p>\n<p><iframe loading=\"lazy\" title=\"Ao vivo: Caged divulga saldo de vagas criadas em junho\" width=\"500\" height=\"281\" src=\"https:\/\/www.youtube.com\/embed\/6Tsr1t3uFJI?feature=oembed\" frameborder=\"0\" allow=\"accelerometer; autoplay; clipboard-write; encrypted-media; gyroscope; picture-in-picture; web-share\" allowfullscreen><\/iframe><\/p>\n","protected":false},"excerpt":{"rendered":"<p>O CAGED (Cadastro Geral de Empregados e Desempregados) registrou a cria\u00e7\u00e3o de 1.023.540 empregos formais no 1\u00ba semestre deste ano \u00e9 o pior desempenho para o per\u00edodo desde 2020, in\u00edcio da s\u00e9rie hist\u00f3rica e o 1\u00ba ano da pandemia de covid-19. Caiu 26,3% em compara\u00e7\u00e3o com o mesmo per\u00edodo de 2022. Segundo o Minist\u00e9rio do &hellip;<\/p>\n","protected":false},"author":3,"featured_media":7489,"comment_status":"closed","ping_status":"closed","sticky":false,"template":"","format":"standard","meta":{"_links_to":"","_links_to_target":""},"categories":[17,1],"tags":[],"views":350,"_links":{"self":[{"href":"https:\/\/www.programapodcast.com.br\/v1\/wp-json\/wp\/v2\/posts\/7488"}],"collection":[{"href":"https:\/\/www.programapodcast.com.br\/v1\/wp-json\/wp\/v2\/posts"}],"about":[{"href":"https:\/\/www.programapodcast.com.br\/v1\/wp-json\/wp\/v2\/types\/post"}],"author":[{"embeddable":true,"href":"https:\/\/www.programapodcast.com.br\/v1\/wp-json\/wp\/v2\/users\/3"}],"replies":[{"embeddable":true,"href":"https:\/\/www.programapodcast.com.br\/v1\/wp-json\/wp\/v2\/comments?post=7488"}],"version-history":[{"count":2,"href":"https:\/\/www.programapodcast.com.br\/v1\/wp-json\/wp\/v2\/posts\/7488\/revisions"}],"predecessor-version":[{"id":7493,"href":"https:\/\/www.programapodcast.com.br\/v1\/wp-json\/wp\/v2\/posts\/7488\/revisions\/7493"}],"wp:featuredmedia":[{"embeddable":true,"href":"https:\/\/www.programapodcast.com.br\/v1\/wp-json\/wp\/v2\/media\/7489"}],"wp:attachment":[{"href":"https:\/\/www.programapodcast.com.br\/v1\/wp-json\/wp\/v2\/media?parent=7488"}],"wp:term":[{"taxonomy":"category","embeddable":true,"href":"https:\/\/www.programapodcast.com.br\/v1\/wp-json\/wp\/v2\/categories?post=7488"},{"taxonomy":"post_tag","embeddable":true,"href":"https:\/\/www.programapodcast.com.br\/v1\/wp-json\/wp\/v2\/tags?post=7488"}],"curies":[{"name":"wp","href":"https:\/\/api.w.org\/{rel}","templated":true}]}}