{"id":6796,"date":"2023-05-29T07:10:20","date_gmt":"2023-05-29T10:10:20","guid":{"rendered":"https:\/\/www.programapodcast.com.br\/v1\/?p=6796"},"modified":"2023-05-29T07:10:20","modified_gmt":"2023-05-29T10:10:20","slug":"a-dina-cardozo-escola-de-danca-fez-bonito-em-festival-de-vitoria-da-conquista","status":"publish","type":"post","link":"https:\/\/www.programapodcast.com.br\/v1\/2023\/05\/29\/a-dina-cardozo-escola-de-danca-fez-bonito-em-festival-de-vitoria-da-conquista\/","title":{"rendered":"A DINA CARDOZO ESCOLA DE DAN\u00c7A FEZ BONITO EM FESTIVAL DE VIT\u00d3RIA DA CONQUISTA"},"content":{"rendered":"<p class=\"western\" align=\"justify\"><span style=\"font-family: Tahoma\"><span style=\"font-size: large\"><span style=\"color: #000000\">Dina Cardozo Escola de Dan\u00e7a encerra sua participa\u00e7\u00e3o no Dan\u00e7a Conquista Festival transbordando alegria pelas premia\u00e7\u00f5es conquistadas com muito esfor\u00e7o, dedica\u00e7\u00e3o, entrega de seus bailarinos e bailarinas.<\/span><\/span><\/span><\/p>\n<p class=\"western\" align=\"justify\"><span style=\"font-family: Tahoma\"><span style=\"font-size: large\"><span style=\"color: #000000\">\u2022 Melhor Bailarina Maria Helena Novais;<br \/>\n\u2022 Melhor Grupo;<br \/>\n\u2022 Isen\u00e7\u00e3o para Festival e Workshops em Bras\u00edlia;<br \/>\n\u2022 Isen\u00e7\u00e3o para Festival em S\u00e3o Paulo;<br \/>\n\u2022 Isen\u00e7\u00e3o para Encontro Baiano de Jazz;<br \/>\n\u2022 Resid\u00eancia Art\u00edstica na Cia MV Lauro de Freitas;<br \/>\n\u2022 Orienta\u00e7\u00e3o coreogr\u00e1fica.<\/span><\/span><\/span><\/p>\n<p class=\"western\" align=\"justify\"><span style=\"font-family: Tahoma\"><span style=\"font-size: large\"><span style=\"color: #000000\">Uma vez mais, o trabalho de profissionais e estudantes de Itapetinga brilha l\u00e1 fora. Parab\u00e9ns para a Professora Dina Cardozo e toda sua turma de colaboradores e alunos!<br \/>\n<\/span><\/span><\/span><\/p>\n<p align=\"justify\">.<\/p>\n<p align=\"justify\"><img decoding=\"async\" loading=\"lazy\" class=\"wp-image-6800 aligncenter\" src=\"https:\/\/www.programapodcast.com.br\/v1\/wp-content\/uploads\/2023\/05\/4.jpg\" alt=\"\" width=\"732\" height=\"975\" srcset=\"https:\/\/www.programapodcast.com.br\/v1\/wp-content\/uploads\/2023\/05\/4.jpg 413w, https:\/\/www.programapodcast.com.br\/v1\/wp-content\/uploads\/2023\/05\/4-225x300.jpg 225w\" sizes=\"(max-width: 732px) 100vw, 732px\" \/><img decoding=\"async\" loading=\"lazy\" class=\"size-full wp-image-6799 aligncenter\" src=\"https:\/\/www.programapodcast.com.br\/v1\/wp-content\/uploads\/2023\/05\/3.jpg\" alt=\"\" width=\"733\" height=\"550\" srcset=\"https:\/\/www.programapodcast.com.br\/v1\/wp-content\/uploads\/2023\/05\/3.jpg 733w, https:\/\/www.programapodcast.com.br\/v1\/wp-content\/uploads\/2023\/05\/3-300x225.jpg 300w\" sizes=\"(max-width: 733px) 100vw, 733px\" \/> \u00a0<img decoding=\"async\" loading=\"lazy\" class=\"wp-image-6801 aligncenter\" src=\"https:\/\/www.programapodcast.com.br\/v1\/wp-content\/uploads\/2023\/05\/Imagem-do-WhatsApp-de-2023-05-28-as-2.jpg\" alt=\"\" width=\"733\" height=\"976\" srcset=\"https:\/\/www.programapodcast.com.br\/v1\/wp-content\/uploads\/2023\/05\/Imagem-do-WhatsApp-de-2023-05-28-as-2.jpg 413w, https:\/\/www.programapodcast.com.br\/v1\/wp-content\/uploads\/2023\/05\/Imagem-do-WhatsApp-de-2023-05-28-as-2-225x300.jpg 225w\" sizes=\"(max-width: 733px) 100vw, 733px\" \/><\/p>\n","protected":false},"excerpt":{"rendered":"<p>Dina Cardozo Escola de Dan\u00e7a encerra sua participa\u00e7\u00e3o no Dan\u00e7a Conquista Festival transbordando alegria pelas premia\u00e7\u00f5es conquistadas com muito esfor\u00e7o, dedica\u00e7\u00e3o, entrega de seus bailarinos e bailarinas. \u2022 Melhor Bailarina Maria Helena Novais; \u2022 Melhor Grupo; \u2022 Isen\u00e7\u00e3o para Festival e Workshops em Bras\u00edlia; \u2022 Isen\u00e7\u00e3o para Festival em S\u00e3o Paulo; \u2022 Isen\u00e7\u00e3o para Encontro &hellip;<\/p>\n","protected":false},"author":3,"featured_media":6797,"comment_status":"closed","ping_status":"closed","sticky":false,"template":"","format":"standard","meta":{"_links_to":"","_links_to_target":""},"categories":[13],"tags":[],"views":261,"_links":{"self":[{"href":"https:\/\/www.programapodcast.com.br\/v1\/wp-json\/wp\/v2\/posts\/6796"}],"collection":[{"href":"https:\/\/www.programapodcast.com.br\/v1\/wp-json\/wp\/v2\/posts"}],"about":[{"href":"https:\/\/www.programapodcast.com.br\/v1\/wp-json\/wp\/v2\/types\/post"}],"author":[{"embeddable":true,"href":"https:\/\/www.programapodcast.com.br\/v1\/wp-json\/wp\/v2\/users\/3"}],"replies":[{"embeddable":true,"href":"https:\/\/www.programapodcast.com.br\/v1\/wp-json\/wp\/v2\/comments?post=6796"}],"version-history":[{"count":2,"href":"https:\/\/www.programapodcast.com.br\/v1\/wp-json\/wp\/v2\/posts\/6796\/revisions"}],"predecessor-version":[{"id":6802,"href":"https:\/\/www.programapodcast.com.br\/v1\/wp-json\/wp\/v2\/posts\/6796\/revisions\/6802"}],"wp:featuredmedia":[{"embeddable":true,"href":"https:\/\/www.programapodcast.com.br\/v1\/wp-json\/wp\/v2\/media\/6797"}],"wp:attachment":[{"href":"https:\/\/www.programapodcast.com.br\/v1\/wp-json\/wp\/v2\/media?parent=6796"}],"wp:term":[{"taxonomy":"category","embeddable":true,"href":"https:\/\/www.programapodcast.com.br\/v1\/wp-json\/wp\/v2\/categories?post=6796"},{"taxonomy":"post_tag","embeddable":true,"href":"https:\/\/www.programapodcast.com.br\/v1\/wp-json\/wp\/v2\/tags?post=6796"}],"curies":[{"name":"wp","href":"https:\/\/api.w.org\/{rel}","templated":true}]}}