{"id":6655,"date":"2023-05-16T06:44:36","date_gmt":"2023-05-16T09:44:36","guid":{"rendered":"https:\/\/www.programapodcast.com.br\/v1\/?p=6655"},"modified":"2023-05-16T06:44:36","modified_gmt":"2023-05-16T09:44:36","slug":"pl-que-estabelece-1988-como-marco-temporal-na-demarcacao-de-terras-indigenas-ja-tem-assinaturas-para-urgencia","status":"publish","type":"post","link":"https:\/\/www.programapodcast.com.br\/v1\/2023\/05\/16\/pl-que-estabelece-1988-como-marco-temporal-na-demarcacao-de-terras-indigenas-ja-tem-assinaturas-para-urgencia\/","title":{"rendered":"PL que estabelece 1988 como marco temporal na demarca\u00e7\u00e3o de terras ind\u00edgenas j\u00e1 tem assinaturas para urg\u00eancia"},"content":{"rendered":"<p class=\"western\" align=\"justify\"><span style=\"font-family: Tahoma\"><span style=\"font-size: large\"><span style=\"color: #000000\">O deputado federal F\u00e1bio Garcia (Uni\u00e3o-MT) afirmou nesta segunda-feira 15, que conseguiu reunir quantidade de assinaturas suficientes para a tramita\u00e7\u00e3o em regime de urg\u00eancia urgent\u00edssima de projeto que estabelece o ano da promulga\u00e7\u00e3o da Constitui\u00e7\u00e3o Federal, em 1988, como novo marco temporal para a demarca\u00e7\u00e3o de terras ind\u00edgenas. Garcia, autor da proposta, \u00e9 integrante da Frente Parlamentar da Agropecu\u00e1ria (FPA), mas o requerimento de urg\u00eancia foi solicitado pelo deputado federal Z\u00e9 Trov\u00e3o (PL-SC), ferrenho apoiador do ex-presidente Jair Bolsonaro. Sob a alega\u00e7\u00e3o de que a mudan\u00e7a possa trazer seguran\u00e7a jur\u00eddica aos produtores rurais, o projeto estabelece que novas demarca\u00e7\u00f5es s\u00f3 seriam autorizadas desde que previstas at\u00e9 a Constitui\u00e7\u00e3o.<\/span><\/span><\/span><\/p>\n<p class=\"western\" align=\"justify\"><span style=\"font-family: Tahoma\"><span style=\"font-size: large\"><span style=\"color: #000000\">\u201cA aprova\u00e7\u00e3o deste projeto \u00e9 fundamental para trazer seguran\u00e7a jur\u00eddica tanto para as comunidades ind\u00edgenas quanto para os produtores rurais, evitando conflitos e garantindo a estabilidade das atividades produtivas nas \u00e1reas rurais\u201d, diz a justificativa do requerimento de urg\u00eancia. O mesmo crit\u00e9rio utilizado \u2014 a data da promulga\u00e7\u00e3o da Constitui\u00e7\u00e3o Federal como marco temporal para demarca\u00e7\u00f5es de terras ind\u00edgenas \u2014 est\u00e1 em pauta no Supremo Tribunal Federal (STF). A corte dever\u00e1 retomar em junho o julgamento sobre se decide ou n\u00e3o permitir a demarca\u00e7\u00e3o de \u00e1reas que j\u00e1 estavam ocupadas por ind\u00edgenas at\u00e9 o dia 5 de outubro de 1988.<br \/>\n<\/span><\/span><\/span><\/p>\n","protected":false},"excerpt":{"rendered":"<p>O deputado federal F\u00e1bio Garcia (Uni\u00e3o-MT) afirmou nesta segunda-feira 15, que conseguiu reunir quantidade de assinaturas suficientes para a tramita\u00e7\u00e3o em regime de urg\u00eancia urgent\u00edssima de projeto que estabelece o ano da promulga\u00e7\u00e3o da Constitui\u00e7\u00e3o Federal, em 1988, como novo marco temporal para a demarca\u00e7\u00e3o de terras ind\u00edgenas. Garcia, autor da proposta, \u00e9 integrante da &hellip;<\/p>\n","protected":false},"author":3,"featured_media":6656,"comment_status":"closed","ping_status":"closed","sticky":false,"template":"","format":"standard","meta":{"_links_to":"","_links_to_target":""},"categories":[1],"tags":[],"views":274,"_links":{"self":[{"href":"https:\/\/www.programapodcast.com.br\/v1\/wp-json\/wp\/v2\/posts\/6655"}],"collection":[{"href":"https:\/\/www.programapodcast.com.br\/v1\/wp-json\/wp\/v2\/posts"}],"about":[{"href":"https:\/\/www.programapodcast.com.br\/v1\/wp-json\/wp\/v2\/types\/post"}],"author":[{"embeddable":true,"href":"https:\/\/www.programapodcast.com.br\/v1\/wp-json\/wp\/v2\/users\/3"}],"replies":[{"embeddable":true,"href":"https:\/\/www.programapodcast.com.br\/v1\/wp-json\/wp\/v2\/comments?post=6655"}],"version-history":[{"count":1,"href":"https:\/\/www.programapodcast.com.br\/v1\/wp-json\/wp\/v2\/posts\/6655\/revisions"}],"predecessor-version":[{"id":6657,"href":"https:\/\/www.programapodcast.com.br\/v1\/wp-json\/wp\/v2\/posts\/6655\/revisions\/6657"}],"wp:featuredmedia":[{"embeddable":true,"href":"https:\/\/www.programapodcast.com.br\/v1\/wp-json\/wp\/v2\/media\/6656"}],"wp:attachment":[{"href":"https:\/\/www.programapodcast.com.br\/v1\/wp-json\/wp\/v2\/media?parent=6655"}],"wp:term":[{"taxonomy":"category","embeddable":true,"href":"https:\/\/www.programapodcast.com.br\/v1\/wp-json\/wp\/v2\/categories?post=6655"},{"taxonomy":"post_tag","embeddable":true,"href":"https:\/\/www.programapodcast.com.br\/v1\/wp-json\/wp\/v2\/tags?post=6655"}],"curies":[{"name":"wp","href":"https:\/\/api.w.org\/{rel}","templated":true}]}}