{"id":596,"date":"2021-07-07T10:42:12","date_gmt":"2021-07-07T13:42:12","guid":{"rendered":"https:\/\/www.programapodcast.com.br\/v1\/?p=596"},"modified":"2021-07-07T10:42:12","modified_gmt":"2021-07-07T13:42:12","slug":"afiliada-da-globo-na-bahia-padece-com-fenomeno-da-record","status":"publish","type":"post","link":"https:\/\/www.programapodcast.com.br\/v1\/2021\/07\/07\/afiliada-da-globo-na-bahia-padece-com-fenomeno-da-record\/","title":{"rendered":"Afiliada da Globo na Bahia padece com fen\u00f4meno da Record"},"content":{"rendered":"<p>A afiliada da Globo na Bahia segue com uma grande dor de cabe\u00e7a, apesar de todos os esfor\u00e7os para levantar a audi\u00eancia. Isso porque Jos\u00e9 Eduardo continua garantindo para a Record local uma lideran\u00e7a com muita folga no hor\u00e1rio do almo\u00e7o.<\/p>\n<p>Segundo dados obtidos com exclusividade pela coluna Curto-Circuito, o Balan\u00e7o Geral BA venceu o Bahia Meio-Dia \u2013 vers\u00e3o local do SP1 \u2013 em junho com uma m\u00e9dia mensal de 13,2 pontos, e participa\u00e7\u00e3o no n\u00famero de televisores ligados (share) de 28,1%, contra 12,0 da TV Bahia. O notici\u00e1rio policial da Record fechou o m\u00eas com uma audi\u00eancia ainda maior em seu hor\u00e1rio completo: 16,1 pontos e share de 34% ante 10,4 da concorrente.<\/p>\n<p>O clima no telejornal da afiliada da Globo \u00e9 de muita tens\u00e3o. As movimenta\u00e7\u00f5es, incluindo v\u00e1rias demiss\u00f5es, t\u00eam acontecido frequentemente, mas, pelo visto, os resultados ainda n\u00e3o come\u00e7aram a aparecer.<\/p>\n<p>\u00c2ncora segue afastada<br \/>\nFalando nisso, Jessica Senra \u2013 que j\u00e1 trabalhou como colega de Jos\u00e9 Eduardo \u2013 segue afastada do Bahia Meio-Dia e sem previs\u00e3o para voltar ao trabalho na Globo. Principal \u00e2ncora da TV Bahia, a jornalista revelou recentemente que est\u00e1 passando pelo princ\u00edpio de uma S\u00edndrome de Burnout, que \u00e9 um dist\u00farbio de ordem ps\u00edquica, de car\u00e1ter depressivo. Ela havia contado aos seus admiradores que voltaria na semana passada, mas at\u00e9 agora n\u00e3o se sente pronta para retornar ao trabalho. Que J\u00e9ssica se recupere logo!<\/p>\n","protected":false},"excerpt":{"rendered":"<p>A afiliada da Globo na Bahia segue com uma grande dor de cabe\u00e7a, apesar de todos os esfor\u00e7os para levantar a audi\u00eancia. Isso porque Jos\u00e9 Eduardo continua garantindo para a Record local uma lideran\u00e7a com muita folga no hor\u00e1rio do almo\u00e7o. Segundo dados obtidos com exclusividade pela coluna Curto-Circuito, o Balan\u00e7o Geral BA venceu o &hellip;<\/p>\n","protected":false},"author":3,"featured_media":0,"comment_status":"closed","ping_status":"closed","sticky":false,"template":"","format":"standard","meta":{"_links_to":"","_links_to_target":""},"categories":[1],"tags":[],"views":369,"_links":{"self":[{"href":"https:\/\/www.programapodcast.com.br\/v1\/wp-json\/wp\/v2\/posts\/596"}],"collection":[{"href":"https:\/\/www.programapodcast.com.br\/v1\/wp-json\/wp\/v2\/posts"}],"about":[{"href":"https:\/\/www.programapodcast.com.br\/v1\/wp-json\/wp\/v2\/types\/post"}],"author":[{"embeddable":true,"href":"https:\/\/www.programapodcast.com.br\/v1\/wp-json\/wp\/v2\/users\/3"}],"replies":[{"embeddable":true,"href":"https:\/\/www.programapodcast.com.br\/v1\/wp-json\/wp\/v2\/comments?post=596"}],"version-history":[{"count":1,"href":"https:\/\/www.programapodcast.com.br\/v1\/wp-json\/wp\/v2\/posts\/596\/revisions"}],"predecessor-version":[{"id":598,"href":"https:\/\/www.programapodcast.com.br\/v1\/wp-json\/wp\/v2\/posts\/596\/revisions\/598"}],"wp:attachment":[{"href":"https:\/\/www.programapodcast.com.br\/v1\/wp-json\/wp\/v2\/media?parent=596"}],"wp:term":[{"taxonomy":"category","embeddable":true,"href":"https:\/\/www.programapodcast.com.br\/v1\/wp-json\/wp\/v2\/categories?post=596"},{"taxonomy":"post_tag","embeddable":true,"href":"https:\/\/www.programapodcast.com.br\/v1\/wp-json\/wp\/v2\/tags?post=596"}],"curies":[{"name":"wp","href":"https:\/\/api.w.org\/{rel}","templated":true}]}}