{"id":5548,"date":"2022-11-28T07:53:29","date_gmt":"2022-11-28T10:53:29","guid":{"rendered":"https:\/\/www.programapodcast.com.br\/v1\/?p=5548"},"modified":"2022-11-28T07:53:29","modified_gmt":"2022-11-28T10:53:29","slug":"mst-invade-fazendas-e-da-prejuizo-para-produtores-de-leite","status":"publish","type":"post","link":"https:\/\/www.programapodcast.com.br\/v1\/2022\/11\/28\/mst-invade-fazendas-e-da-prejuizo-para-produtores-de-leite\/","title":{"rendered":"MST INVADE FAZENDAS E D\u00c1 PREJU\u00cdZO PARA PRODUTORES DE LEITE"},"content":{"rendered":"<p class=\"western\" align=\"justify\"><span style=\"font-family: Tahoma;\"><span style=\"font-size: large;\"><span style=\"color: #000000;\">A propriedade invadida e vandalizada, se encontra em pleno desenvolvimento na regi\u00e3o e, al\u00e9m disso, beneficia a comunidade local, atrav\u00e9s da cess\u00e3o em comodato para uma associa\u00e7\u00e3o local de produtores de leite, que utiliza parte do citado im\u00f3vel para pastagem e manejo bovino, refletindo a atua\u00e7\u00e3o consciente da FERBASA em prol do desenvolvimento socioecon\u00f4mico das comunidades do entorno das regi\u00f5es onde mant\u00e9m suas atividades.<\/span><\/span><\/span><\/p>\n<p class=\"western\" align=\"justify\"><span style=\"font-family: Tahoma;\"><span style=\"font-size: large;\"><span style=\"color: #000000;\">O Movimento dos Trabalhadores Rurais Sem Terra (MST) segue realizando invas\u00f5es pelo Brasil. O grupo realizou invas\u00f5es na Bahia, no \u00faltimo fim de semana e levaram terror e viol\u00eancia para a regi\u00e3o. As propriedades foram invadidas se valendo de uma mentira de que ela estava improdutiva!<\/span><\/span><\/span><\/p>\n<p class=\"western\" align=\"justify\"><span style=\"font-family: Tahoma;\"><span style=\"font-size: large;\"><span style=\"color: #000000;\">No \u00faltimo fim de semana, conforme noticiado pelo pr\u00f3prio Movimento Sem Terra, 250 fam\u00edlias de pessoas oriundas das periferias da Bahia, e organizadas pelo MST invadiram a Fazenda Gentil, em Marac\u00e1s, e a Fazenda Reden\u00e7\u00e3o, localizada entre Planaltino e Irajuba, cujo acampamento recebeu o nome de Estrela Vive. No comunicado, os invasores afirmaram se tratar de \u201c\u00e1reas improdutivas\u201d.<\/span><\/span><\/span><\/p>\n<p class=\"western\" align=\"justify\"><span style=\"font-family: Tahoma;\"><span style=\"font-size: large;\"><span style=\"color: #000000;\">A Companhia de Ferros Ligas da Bahia (Ferbasa) publicou nesta quarta-feira, uma nota de esclarecimento sobre a invas\u00e3o realizada pelo MST em propriedades da empresa na Chapada Diamantina, na Bahia. <\/span><\/span><\/span><\/p>\n<p class=\"western\" align=\"justify\"><span style=\"font-family: Tahoma;\"><span style=\"font-size: large;\"><span style=\"color: #000000;\">A nota confirma que \u201cde fato, uma de suas propriedades rurais, a Fazenda Reunidas Reden\u00e7\u00e3o, localizada no mun\u00edcipio de Planaltino, na Bahia, teve parte de sua \u00e1rea invadida por grupo identificado como integrantes do MST (Movimento dos Trabalhadores Rurais Sem Terra), correspondente a aproximadamente cinco de um total de 580 hectares\u201d. <\/span><\/span><\/span><\/p>\n<p class=\"western\" align=\"justify\"><span style=\"font-family: Tahoma;\"><span style=\"font-size: large;\"><span style=\"color: #000000;\">Ainda no comunicado, a Ferbasa salienta que o im\u00f3vel integral o rol de projetos de silvicultura da Companhia e que est\u00e3o \u201cem pleno desenvolvimento na regi\u00e3o\u201d. Conforme a Ferbasa, al\u00e9m das atividades realizadas, a empresa tamb\u00e9m beneficia a comunidade local, \u201catrav\u00e9s da cess\u00e3o em comodato para uma associa\u00e7\u00e3o local de produtores de leite, que utiliza parte do citado im\u00f3vel para pastagem e manejo bovino\u201d.<\/span><\/span><\/span><\/p>\n<p class=\"western\" align=\"justify\"><span style=\"font-family: Tahoma;\"><span style=\"font-size: large;\"><span style=\"color: #000000;\">A produ\u00e7\u00e3o de leite na Bahia atingiu o volume m\u00e9dio de 159,9 milh\u00f5es de litros e registrou um aumento de 14,8% em 2021, segundo informa\u00e7\u00f5es divulgadas pela Secretaria da Agricultura, Pecu\u00e1ria, Irriga\u00e7\u00e3o, Pesca e Aquicultura (Seagri). Movimentos de invas\u00f5es que afetam os produtores de leite, trazem preju\u00edzo n\u00e3o s\u00f3 as fam\u00edlias, mas tamb\u00e9m a economia local que depende da atividade.<\/span><\/span><\/span><\/p>\n<p class=\"western\" align=\"justify\"><span style=\"font-family: Tahoma;\"><span style=\"font-size: large;\"><span style=\"color: #000000;\">A empresa est\u00e1 buscando medidas judiciais para a retirada dos invasores.<\/span><\/span><\/span><\/p>\n","protected":false},"excerpt":{"rendered":"<p>A propriedade invadida e vandalizada, se encontra em pleno desenvolvimento na regi\u00e3o e, al\u00e9m disso, beneficia a comunidade local, atrav\u00e9s da cess\u00e3o em comodato para uma associa\u00e7\u00e3o local de produtores de leite, que utiliza parte do citado im\u00f3vel para pastagem e manejo bovino, refletindo a atua\u00e7\u00e3o consciente da FERBASA em prol do desenvolvimento socioecon\u00f4mico das &hellip;<\/p>\n","protected":false},"author":3,"featured_media":5549,"comment_status":"closed","ping_status":"closed","sticky":false,"template":"","format":"standard","meta":{"_links_to":"","_links_to_target":""},"categories":[1,12],"tags":[],"views":397,"_links":{"self":[{"href":"https:\/\/www.programapodcast.com.br\/v1\/wp-json\/wp\/v2\/posts\/5548"}],"collection":[{"href":"https:\/\/www.programapodcast.com.br\/v1\/wp-json\/wp\/v2\/posts"}],"about":[{"href":"https:\/\/www.programapodcast.com.br\/v1\/wp-json\/wp\/v2\/types\/post"}],"author":[{"embeddable":true,"href":"https:\/\/www.programapodcast.com.br\/v1\/wp-json\/wp\/v2\/users\/3"}],"replies":[{"embeddable":true,"href":"https:\/\/www.programapodcast.com.br\/v1\/wp-json\/wp\/v2\/comments?post=5548"}],"version-history":[{"count":1,"href":"https:\/\/www.programapodcast.com.br\/v1\/wp-json\/wp\/v2\/posts\/5548\/revisions"}],"predecessor-version":[{"id":5550,"href":"https:\/\/www.programapodcast.com.br\/v1\/wp-json\/wp\/v2\/posts\/5548\/revisions\/5550"}],"wp:featuredmedia":[{"embeddable":true,"href":"https:\/\/www.programapodcast.com.br\/v1\/wp-json\/wp\/v2\/media\/5549"}],"wp:attachment":[{"href":"https:\/\/www.programapodcast.com.br\/v1\/wp-json\/wp\/v2\/media?parent=5548"}],"wp:term":[{"taxonomy":"category","embeddable":true,"href":"https:\/\/www.programapodcast.com.br\/v1\/wp-json\/wp\/v2\/categories?post=5548"},{"taxonomy":"post_tag","embeddable":true,"href":"https:\/\/www.programapodcast.com.br\/v1\/wp-json\/wp\/v2\/tags?post=5548"}],"curies":[{"name":"wp","href":"https:\/\/api.w.org\/{rel}","templated":true}]}}