{"id":5528,"date":"2022-11-25T13:44:07","date_gmt":"2022-11-25T16:44:07","guid":{"rendered":"https:\/\/www.programapodcast.com.br\/v1\/?p=5528"},"modified":"2022-11-25T13:44:07","modified_gmt":"2022-11-25T16:44:07","slug":"secretaria-de-educacao-publica-edital-para-realizar-readaptacao-funcional-com-servidores-afastados","status":"publish","type":"post","link":"https:\/\/www.programapodcast.com.br\/v1\/2022\/11\/25\/secretaria-de-educacao-publica-edital-para-realizar-readaptacao-funcional-com-servidores-afastados\/","title":{"rendered":"SECRETARIA DE EDUCA\u00c7\u00c3O PUBLICA EDITAL PARA REALIZAR READAPTA\u00c7\u00c3O FUNCIONAL COM SERVIDORES AFASTADOS"},"content":{"rendered":"<p class=\"western\" align=\"justify\"><span style=\"font-family: Tahoma;\"><span style=\"font-size: large;\"><span style=\"color: #000000;\">A secretaria de educa\u00e7\u00e3o publicou edital convocando os servidores em readapta\u00e7\u00e3o funcional. Os trabalhadores afastados por alguma raz\u00e3o de sa\u00fade devem apresentar laudo m\u00e9dico no setor de protocolo da prefeitura entre os dias 25 de novembro a 16 de dezembro, sempre no turno matutino.<\/span><\/span><\/span><\/p>\n<p class=\"western\" align=\"justify\"><span style=\"font-family: Tahoma;\"><span style=\"font-size: large;\"><span style=\"color: #000000;\">A partir do dia 17, a secretaria divulgar\u00e1 cronograma de per\u00edcias individuais. O objetivo \u00e9 realizar um controle organizacional e, analisando cada caso, atribuir atividades especiais ao servidor, observada a exig\u00eancia de atribui\u00e7\u00f5es compat\u00edveis com a limita\u00e7\u00e3o que tenha sofrido em sua capacidade f\u00edsica ou mental, de acordo com o laudo m\u00e9dico.<\/span><\/span><\/span><\/p>\n<p class=\"western\" align=\"justify\"><span style=\"font-family: Tahoma;\"><span style=\"font-size: large;\"><span style=\"color: #000000;\">Os servidores que tiverem aptos a retornarem aos seus postos \u2013 ou aqueles destinados em condi\u00e7\u00f5es especiais \u2013 dever\u00e3o se apresentar no primeiro dia \u00fatil \u00e0 divulga\u00e7\u00e3o do resultado da per\u00edcia. Aqueles que n\u00e3o tiverem condi\u00e7\u00f5es de retorno ao trabalho e\/ou readapta\u00e7\u00e3o ser\u00e3o encaminhados ao INSS.<\/span><\/span><\/span><\/p>\n<p class=\"western\" align=\"justify\"><span style=\"font-family: Tahoma;\"><span style=\"font-size: large;\"><span style=\"color: #000000;\">\u201cNosso objetivo \u00e9 otimizar as atividades da educa\u00e7\u00e3o, respeitando as limita\u00e7\u00f5es de sa\u00fade dos nossos servidores, sem, contudo, perder a sua for\u00e7a de trabalho quando for poss\u00edvel\u201d, explicou o secret\u00e1rio F\u00e1bio Viana.<br \/>\n<\/span><\/span><\/span><\/p>\n","protected":false},"excerpt":{"rendered":"<p>A secretaria de educa\u00e7\u00e3o publicou edital convocando os servidores em readapta\u00e7\u00e3o funcional. Os trabalhadores afastados por alguma raz\u00e3o de sa\u00fade devem apresentar laudo m\u00e9dico no setor de protocolo da prefeitura entre os dias 25 de novembro a 16 de dezembro, sempre no turno matutino. A partir do dia 17, a secretaria divulgar\u00e1 cronograma de per\u00edcias &hellip;<\/p>\n","protected":false},"author":3,"featured_media":5529,"comment_status":"closed","ping_status":"closed","sticky":false,"template":"","format":"standard","meta":{"_links_to":"","_links_to_target":""},"categories":[1,13],"tags":[],"views":490,"_links":{"self":[{"href":"https:\/\/www.programapodcast.com.br\/v1\/wp-json\/wp\/v2\/posts\/5528"}],"collection":[{"href":"https:\/\/www.programapodcast.com.br\/v1\/wp-json\/wp\/v2\/posts"}],"about":[{"href":"https:\/\/www.programapodcast.com.br\/v1\/wp-json\/wp\/v2\/types\/post"}],"author":[{"embeddable":true,"href":"https:\/\/www.programapodcast.com.br\/v1\/wp-json\/wp\/v2\/users\/3"}],"replies":[{"embeddable":true,"href":"https:\/\/www.programapodcast.com.br\/v1\/wp-json\/wp\/v2\/comments?post=5528"}],"version-history":[{"count":1,"href":"https:\/\/www.programapodcast.com.br\/v1\/wp-json\/wp\/v2\/posts\/5528\/revisions"}],"predecessor-version":[{"id":5530,"href":"https:\/\/www.programapodcast.com.br\/v1\/wp-json\/wp\/v2\/posts\/5528\/revisions\/5530"}],"wp:featuredmedia":[{"embeddable":true,"href":"https:\/\/www.programapodcast.com.br\/v1\/wp-json\/wp\/v2\/media\/5529"}],"wp:attachment":[{"href":"https:\/\/www.programapodcast.com.br\/v1\/wp-json\/wp\/v2\/media?parent=5528"}],"wp:term":[{"taxonomy":"category","embeddable":true,"href":"https:\/\/www.programapodcast.com.br\/v1\/wp-json\/wp\/v2\/categories?post=5528"},{"taxonomy":"post_tag","embeddable":true,"href":"https:\/\/www.programapodcast.com.br\/v1\/wp-json\/wp\/v2\/tags?post=5528"}],"curies":[{"name":"wp","href":"https:\/\/api.w.org\/{rel}","templated":true}]}}