{"id":5456,"date":"2022-11-15T10:17:04","date_gmt":"2022-11-15T13:17:04","guid":{"rendered":"https:\/\/www.programapodcast.com.br\/v1\/?p=5456"},"modified":"2022-11-15T10:17:04","modified_gmt":"2022-11-15T13:17:04","slug":"itapetinga-hospital-cristo-redentor-informa-suspensao-temporaria-de-feira-de-saude","status":"publish","type":"post","link":"https:\/\/www.programapodcast.com.br\/v1\/2022\/11\/15\/itapetinga-hospital-cristo-redentor-informa-suspensao-temporaria-de-feira-de-saude\/","title":{"rendered":"ITAPETINGA: HOSPITAL CRISTO REDENTOR INFORMA SUSPENS\u00c3O TEMPOR\u00c1RIA DE FEIRA DE SA\u00daDE"},"content":{"rendered":"<p class=\"western\" align=\"justify\"><span style=\"font-family: Tahoma;\"><span style=\"font-size: large;\"><span style=\"color: #000000;\">O Hospital Cristo Redentor (Funda\u00e7\u00e3o Jos\u00e9 Silveira) informa que a Feira de Sa\u00fade programada para os dias 16 e 17 de novembro, quarta e quinta-feira pr\u00f3ximos, foi suspensa temporariamente.<br \/>\n<\/span><\/span><\/span><\/p>\n<p align=\"justify\"><span style=\"color: #ffffff;\">.<\/span><\/p>\n<p align=\"justify\"><img decoding=\"async\" loading=\"lazy\" class=\"alignnone size-full wp-image-5457\" src=\"https:\/\/www.programapodcast.com.br\/v1\/wp-content\/uploads\/2022\/11\/WhatsApp-Image-2022-11-15-at-09.56.51.jpeg\" alt=\"\" width=\"1079\" height=\"1071\" srcset=\"https:\/\/www.programapodcast.com.br\/v1\/wp-content\/uploads\/2022\/11\/WhatsApp-Image-2022-11-15-at-09.56.51.jpeg 1079w, https:\/\/www.programapodcast.com.br\/v1\/wp-content\/uploads\/2022\/11\/WhatsApp-Image-2022-11-15-at-09.56.51-150x150.jpeg 150w, https:\/\/www.programapodcast.com.br\/v1\/wp-content\/uploads\/2022\/11\/WhatsApp-Image-2022-11-15-at-09.56.51-300x298.jpeg 300w, https:\/\/www.programapodcast.com.br\/v1\/wp-content\/uploads\/2022\/11\/WhatsApp-Image-2022-11-15-at-09.56.51-768x762.jpeg 768w, https:\/\/www.programapodcast.com.br\/v1\/wp-content\/uploads\/2022\/11\/WhatsApp-Image-2022-11-15-at-09.56.51-1024x1016.jpeg 1024w\" sizes=\"(max-width: 1079px) 100vw, 1079px\" \/><\/p>\n","protected":false},"excerpt":{"rendered":"<p>O Hospital Cristo Redentor (Funda\u00e7\u00e3o Jos\u00e9 Silveira) informa que a Feira de Sa\u00fade programada para os dias 16 e 17 de novembro, quarta e quinta-feira pr\u00f3ximos, foi suspensa temporariamente. .<\/p>\n","protected":false},"author":3,"featured_media":5460,"comment_status":"closed","ping_status":"closed","sticky":false,"template":"","format":"standard","meta":{"_links_to":"","_links_to_target":""},"categories":[13],"tags":[],"views":253,"_links":{"self":[{"href":"https:\/\/www.programapodcast.com.br\/v1\/wp-json\/wp\/v2\/posts\/5456"}],"collection":[{"href":"https:\/\/www.programapodcast.com.br\/v1\/wp-json\/wp\/v2\/posts"}],"about":[{"href":"https:\/\/www.programapodcast.com.br\/v1\/wp-json\/wp\/v2\/types\/post"}],"author":[{"embeddable":true,"href":"https:\/\/www.programapodcast.com.br\/v1\/wp-json\/wp\/v2\/users\/3"}],"replies":[{"embeddable":true,"href":"https:\/\/www.programapodcast.com.br\/v1\/wp-json\/wp\/v2\/comments?post=5456"}],"version-history":[{"count":2,"href":"https:\/\/www.programapodcast.com.br\/v1\/wp-json\/wp\/v2\/posts\/5456\/revisions"}],"predecessor-version":[{"id":5461,"href":"https:\/\/www.programapodcast.com.br\/v1\/wp-json\/wp\/v2\/posts\/5456\/revisions\/5461"}],"wp:featuredmedia":[{"embeddable":true,"href":"https:\/\/www.programapodcast.com.br\/v1\/wp-json\/wp\/v2\/media\/5460"}],"wp:attachment":[{"href":"https:\/\/www.programapodcast.com.br\/v1\/wp-json\/wp\/v2\/media?parent=5456"}],"wp:term":[{"taxonomy":"category","embeddable":true,"href":"https:\/\/www.programapodcast.com.br\/v1\/wp-json\/wp\/v2\/categories?post=5456"},{"taxonomy":"post_tag","embeddable":true,"href":"https:\/\/www.programapodcast.com.br\/v1\/wp-json\/wp\/v2\/tags?post=5456"}],"curies":[{"name":"wp","href":"https:\/\/api.w.org\/{rel}","templated":true}]}}