{"id":5355,"date":"2022-10-27T14:45:28","date_gmt":"2022-10-27T17:45:28","guid":{"rendered":"https:\/\/www.programapodcast.com.br\/v1\/?p=5355"},"modified":"2022-10-27T14:45:28","modified_gmt":"2022-10-27T17:45:28","slug":"desemprego-cai-para-87-e-ja-sao-mais-de-108-milhoes-com-carteira-assinada","status":"publish","type":"post","link":"https:\/\/www.programapodcast.com.br\/v1\/2022\/10\/27\/desemprego-cai-para-87-e-ja-sao-mais-de-108-milhoes-com-carteira-assinada\/","title":{"rendered":"DESEMPREGO CAI PARA 8,7% E J\u00c1 S\u00c3O MAIS DE 108 MILH\u00d5ES COM CARTEIRA ASSINADA"},"content":{"rendered":"<p class=\"western\" align=\"justify\"><span style=\"font-family: Tahoma;\"><span style=\"font-size: large;\"><span style=\"color: #000000;\">O IBGE divulgou nesta quinta-feira (27) uma nova redu\u00e7\u00e3o na taxa de desemprego no Brasil, a mais baixa desde 2015: agora est\u00e1 em 8,7%.<\/span><\/span><\/span><\/p>\n<p class=\"western\" align=\"justify\"><span style=\"font-family: Tahoma;\"><span style=\"font-size: large;\"><span style=\"color: #000000;\">Os n\u00fameros se referem ao m\u00eas de setembro e foram divulgados pelo PNAD.<\/span><\/span><\/span><\/p>\n<p class=\"western\" align=\"justify\"><span style=\"font-family: Tahoma;\"><span style=\"font-size: large;\"><span style=\"color: #000000;\">De acordo com o levantamento, a popula\u00e7\u00e3o desocupada alcan\u00e7ou 9,5 milh\u00f5es de pessoas e a for\u00e7a de trabalho 108,7 milh\u00f5es de pessoas.<\/span><\/span><\/span><\/p>\n<p class=\"western\" align=\"justify\"><span style=\"font-family: Tahoma;\"><span style=\"font-size: large;\"><span style=\"color: #000000;\">O rendimento real efetivo m\u00e9dio de todos os trabalhos cresceu 3,0% em rela\u00e7\u00e3o ao trimestre imediatamente anterior, levando a massa salarial a R$267,9 bilh\u00f5es, um crescimento de 4,1%.<br \/>\n<\/span><\/span><\/span><\/p>\n","protected":false},"excerpt":{"rendered":"<p>O IBGE divulgou nesta quinta-feira (27) uma nova redu\u00e7\u00e3o na taxa de desemprego no Brasil, a mais baixa desde 2015: agora est\u00e1 em 8,7%. Os n\u00fameros se referem ao m\u00eas de setembro e foram divulgados pelo PNAD. De acordo com o levantamento, a popula\u00e7\u00e3o desocupada alcan\u00e7ou 9,5 milh\u00f5es de pessoas e a for\u00e7a de trabalho &hellip;<\/p>\n","protected":false},"author":3,"featured_media":3529,"comment_status":"closed","ping_status":"closed","sticky":false,"template":"","format":"standard","meta":{"_links_to":"","_links_to_target":""},"categories":[17],"tags":[],"views":290,"_links":{"self":[{"href":"https:\/\/www.programapodcast.com.br\/v1\/wp-json\/wp\/v2\/posts\/5355"}],"collection":[{"href":"https:\/\/www.programapodcast.com.br\/v1\/wp-json\/wp\/v2\/posts"}],"about":[{"href":"https:\/\/www.programapodcast.com.br\/v1\/wp-json\/wp\/v2\/types\/post"}],"author":[{"embeddable":true,"href":"https:\/\/www.programapodcast.com.br\/v1\/wp-json\/wp\/v2\/users\/3"}],"replies":[{"embeddable":true,"href":"https:\/\/www.programapodcast.com.br\/v1\/wp-json\/wp\/v2\/comments?post=5355"}],"version-history":[{"count":1,"href":"https:\/\/www.programapodcast.com.br\/v1\/wp-json\/wp\/v2\/posts\/5355\/revisions"}],"predecessor-version":[{"id":5356,"href":"https:\/\/www.programapodcast.com.br\/v1\/wp-json\/wp\/v2\/posts\/5355\/revisions\/5356"}],"wp:featuredmedia":[{"embeddable":true,"href":"https:\/\/www.programapodcast.com.br\/v1\/wp-json\/wp\/v2\/media\/3529"}],"wp:attachment":[{"href":"https:\/\/www.programapodcast.com.br\/v1\/wp-json\/wp\/v2\/media?parent=5355"}],"wp:term":[{"taxonomy":"category","embeddable":true,"href":"https:\/\/www.programapodcast.com.br\/v1\/wp-json\/wp\/v2\/categories?post=5355"},{"taxonomy":"post_tag","embeddable":true,"href":"https:\/\/www.programapodcast.com.br\/v1\/wp-json\/wp\/v2\/tags?post=5355"}],"curies":[{"name":"wp","href":"https:\/\/api.w.org\/{rel}","templated":true}]}}