{"id":5211,"date":"2022-10-12T10:43:43","date_gmt":"2022-10-12T13:43:43","guid":{"rendered":"https:\/\/www.programapodcast.com.br\/v1\/?p=5211"},"modified":"2022-10-12T10:43:43","modified_gmt":"2022-10-12T13:43:43","slug":"candidato-petista-segue-orientacao-de-geddel-e-nao-participara-de-debates","status":"publish","type":"post","link":"https:\/\/www.programapodcast.com.br\/v1\/2022\/10\/12\/candidato-petista-segue-orientacao-de-geddel-e-nao-participara-de-debates\/","title":{"rendered":"CANDIDATO PETISTA SEGUE ORIENTA\u00c7\u00c3O DE GEDDEL E N\u00c3O PARTICIPAR\u00c1 DE DEBATES"},"content":{"rendered":"<p class=\"western\" align=\"justify\"><span style=\"font-family: Tahoma;\"><span style=\"font-size: large;\"><span style=\"color: #000000;\">A Record TV Itapoan informou nesta ter\u00e7a-feira (11) \u00e0 coordena\u00e7\u00e3o da campanha do candidato a governador ACM Neto (Uni\u00e3o Brasil) que o candidato governista Jer\u00f4nimo Rodrigues (PT) n\u00e3o aderiu \u00e0 proposta de debate apresentada pela emissora.<\/span><\/span><\/span><\/p>\n<p class=\"western\" align=\"justify\"><span style=\"font-family: Tahoma;\"><span style=\"font-size: large;\"><span style=\"color: #000000;\">Com esta recusa, somam-se tr\u00eas desist\u00eancias de ida aos debates \u2013 as anteriores foram na TV Aratu, que ocorrer\u00e1 na quinta-feira (13) provavelmente em formato de sabatina, e tamb\u00e9m o que seria promovido pela TV Band, tradicionalmente o primeiro a ser realizado em primeiro e segundo turnos.<\/span><\/span><\/span><\/p>\n<p class=\"western\" align=\"justify\"><span style=\"font-family: Tahoma;\"><span style=\"font-size: large;\"><span style=\"color: #000000;\">No primeiro turno, Jer\u00f4nimo chegou a sugerir um debate entre ele e ACM Neto, mas, ap\u00f3s o ex-prefeito de Salvador aceitar e sugerir que o candidato do PT marcasse dia, hora e local para um confronto nas redes sociais de ambos, o ex-secret\u00e1rio da Educa\u00e7\u00e3o declinou e n\u00e3o topou o desafio que ele mesmo sugeriu.<\/span><\/span><\/span><\/p>\n<p class=\"western\" align=\"justify\"><span style=\"font-family: Tahoma;\"><span style=\"font-size: large;\"><span style=\"color: #000000;\">No primeiro turno, ACM Neto, ent\u00e3o l\u00edder das pesquisas, foi somente ao debate promovido pela TV Bahia.<br \/>\n<\/span><\/span><\/span><\/p>\n","protected":false},"excerpt":{"rendered":"<p>A Record TV Itapoan informou nesta ter\u00e7a-feira (11) \u00e0 coordena\u00e7\u00e3o da campanha do candidato a governador ACM Neto (Uni\u00e3o Brasil) que o candidato governista Jer\u00f4nimo Rodrigues (PT) n\u00e3o aderiu \u00e0 proposta de debate apresentada pela emissora. Com esta recusa, somam-se tr\u00eas desist\u00eancias de ida aos debates \u2013 as anteriores foram na TV Aratu, que ocorrer\u00e1 &hellip;<\/p>\n","protected":false},"author":3,"featured_media":4688,"comment_status":"closed","ping_status":"closed","sticky":false,"template":"","format":"standard","meta":{"_links_to":"","_links_to_target":""},"categories":[1,12],"tags":[],"views":361,"_links":{"self":[{"href":"https:\/\/www.programapodcast.com.br\/v1\/wp-json\/wp\/v2\/posts\/5211"}],"collection":[{"href":"https:\/\/www.programapodcast.com.br\/v1\/wp-json\/wp\/v2\/posts"}],"about":[{"href":"https:\/\/www.programapodcast.com.br\/v1\/wp-json\/wp\/v2\/types\/post"}],"author":[{"embeddable":true,"href":"https:\/\/www.programapodcast.com.br\/v1\/wp-json\/wp\/v2\/users\/3"}],"replies":[{"embeddable":true,"href":"https:\/\/www.programapodcast.com.br\/v1\/wp-json\/wp\/v2\/comments?post=5211"}],"version-history":[{"count":1,"href":"https:\/\/www.programapodcast.com.br\/v1\/wp-json\/wp\/v2\/posts\/5211\/revisions"}],"predecessor-version":[{"id":5212,"href":"https:\/\/www.programapodcast.com.br\/v1\/wp-json\/wp\/v2\/posts\/5211\/revisions\/5212"}],"wp:featuredmedia":[{"embeddable":true,"href":"https:\/\/www.programapodcast.com.br\/v1\/wp-json\/wp\/v2\/media\/4688"}],"wp:attachment":[{"href":"https:\/\/www.programapodcast.com.br\/v1\/wp-json\/wp\/v2\/media?parent=5211"}],"wp:term":[{"taxonomy":"category","embeddable":true,"href":"https:\/\/www.programapodcast.com.br\/v1\/wp-json\/wp\/v2\/categories?post=5211"},{"taxonomy":"post_tag","embeddable":true,"href":"https:\/\/www.programapodcast.com.br\/v1\/wp-json\/wp\/v2\/tags?post=5211"}],"curies":[{"name":"wp","href":"https:\/\/api.w.org\/{rel}","templated":true}]}}