{"id":5106,"date":"2022-09-30T14:37:07","date_gmt":"2022-09-30T17:37:07","guid":{"rendered":"https:\/\/www.programapodcast.com.br\/v1\/?p=5106"},"modified":"2022-09-30T14:38:01","modified_gmt":"2022-09-30T17:38:01","slug":"taxa-de-desemprego-cai-ao-menor-nivel-desde-2015","status":"publish","type":"post","link":"https:\/\/www.programapodcast.com.br\/v1\/2022\/09\/30\/taxa-de-desemprego-cai-ao-menor-nivel-desde-2015\/","title":{"rendered":"TAXA DE DESEMPREGO CAI AO MENOR N\u00cdVEL DESDE 2015"},"content":{"rendered":"<p class=\"western\" align=\"justify\"><span style=\"font-family: Tahoma;\"><span style=\"font-size: large;\"><span style=\"color: #000000;\">A taxa de desemprego caiu para 8,9% no trimestre de junho a agosto. Recuou 0,9 ponto percentual em rela\u00e7\u00e3o ao trimestre anterior, de mar\u00e7o, abril e maio. O \u00edndice chegou ao menor n\u00edvel desde agosto de 2015, quando registrou o mesmo percentual.<\/span><\/span><\/span><\/p>\n<p class=\"western\" align=\"justify\"><span style=\"font-family: Tahoma;\"><span style=\"font-size: large;\"><span style=\"color: #000000;\">O IBGE (Instituto Brasileiro de Geografia e Estat\u00edstica) divulgou o resultado nesta 6\u00aa feira (30.set.2022).<\/span><\/span><\/span><\/p>\n<p class=\"western\" align=\"justify\"><span style=\"font-family: Tahoma;\"><span style=\"font-size: large;\"><span style=\"color: #000000;\">Segundo a pesquisa, havia 9,7 milh\u00f5es de pessoas que procuravam trabalho no trimestre. Esse n\u00famero \u00e9 o menor desde dezembro de 2015. Caiu 8,8% em rela\u00e7\u00e3o ao trimestre anterior, ou 937 mil pessoas a menos. Em compara\u00e7\u00e3o com 1 ano atr\u00e1s, recuou 30,1%, ou 4,2 milh\u00f5es de brasileiros a menos.<\/span><\/span><\/span><\/p>\n<p align=\"justify\"><img decoding=\"async\" loading=\"lazy\" class=\" wp-image-5107 aligncenter\" src=\"https:\/\/www.programapodcast.com.br\/v1\/wp-content\/uploads\/2022\/09\/1-9.jpg\" alt=\"\" width=\"688\" height=\"941\" srcset=\"https:\/\/www.programapodcast.com.br\/v1\/wp-content\/uploads\/2022\/09\/1-9.jpg 584w, https:\/\/www.programapodcast.com.br\/v1\/wp-content\/uploads\/2022\/09\/1-9-219x300.jpg 219w\" sizes=\"(max-width: 688px) 100vw, 688px\" \/><\/p>\n<p class=\"western\" align=\"justify\"><strong><span style=\"font-family: Tahoma; color: #333399;\"><span style=\"font-size: large;\">SUBUTILIZA\u00c7\u00c3O<\/span><\/span><\/strong><\/p>\n<p class=\"western\" align=\"justify\"><span style=\"font-family: Tahoma;\"><span style=\"font-size: large;\"><span style=\"color: #000000;\">\u00c9 considerado subutilizado quem est\u00e1 desempregado, trabalha menos do que poderia ou n\u00e3o procurou emprego mesmo estando dispon\u00edvel para trabalhar.<\/span><\/span><\/span><\/p>\n<p class=\"western\" align=\"justify\"><span style=\"font-family: Tahoma;\"><span style=\"font-size: large;\"><span style=\"color: #000000;\">A taxa de subutiliza\u00e7\u00e3o caiu para 20,5% no trimestre encerrado em agosto deste ano, o menor n\u00edvel para o per\u00edodo desde maio de 2016. A queda foi de 1,3 ponto percentual em rela\u00e7\u00e3o ao trimestre de mar\u00e7o a maio de 2022. Em um ano, o recuo foi de 6,6 pontos percentuais.<\/span><\/span><\/span><\/p>\n<p align=\"justify\"><img decoding=\"async\" loading=\"lazy\" class=\"size-full wp-image-5108 aligncenter\" src=\"https:\/\/www.programapodcast.com.br\/v1\/wp-content\/uploads\/2022\/09\/2-9.jpg\" alt=\"\" width=\"834\" height=\"834\" srcset=\"https:\/\/www.programapodcast.com.br\/v1\/wp-content\/uploads\/2022\/09\/2-9.jpg 834w, https:\/\/www.programapodcast.com.br\/v1\/wp-content\/uploads\/2022\/09\/2-9-150x150.jpg 150w, https:\/\/www.programapodcast.com.br\/v1\/wp-content\/uploads\/2022\/09\/2-9-300x300.jpg 300w, https:\/\/www.programapodcast.com.br\/v1\/wp-content\/uploads\/2022\/09\/2-9-768x768.jpg 768w\" sizes=\"(max-width: 834px) 100vw, 834px\" \/><\/p>\n<p class=\"western\" align=\"justify\"><span style=\"font-family: Tahoma;\"><span style=\"font-size: large;\"><span style=\"color: #000000;\">O n\u00famero de pessoas subutilizadas chegou a 23,9 milh\u00f5es no \u00faltimo resultado. Diminuiu 5,8% (menos 1,5 milh\u00e3o) frente ao trimestre anterior \u2013de mar\u00e7o a maio. Tamb\u00e9m caiu em compara\u00e7\u00e3o com o trimestre encerrado em agosto de 2021 (-23,6%, ou menos 7,4 milh\u00f5es de pessoas).<\/span><\/span><\/span><\/p>\n<p class=\"western\" align=\"justify\"><span style=\"font-family: Tahoma;\"><span style=\"font-size: large;\"><span style=\"color: #000000;\">Dentro do grupo de subutilizados h\u00e1 o \u00edndice de desalentados, que s\u00e3o aqueles que n\u00e3o procuraram empregos porque n\u00e3o acreditam que v\u00e3o conseguir.<\/span><\/span><\/span><\/p>\n<p class=\"western\" align=\"justify\"><span style=\"font-family: Tahoma;\"><span style=\"font-size: large;\"><span style=\"color: #000000;\">A popula\u00e7\u00e3o manteve estabilidade no trimestre encerrado em agosto de 2022 contra o anterior. Somou 4,3 milh\u00f5es de pessoas. Diminuiu 18,5% em rela\u00e7\u00e3o ao per\u00edodo de fevereiro a abril do ano passado, o que representa 970 mil de pessoas a menos no grupo.<\/span><\/span><\/span><\/p>\n<p class=\"western\" align=\"justify\"><strong><span style=\"font-family: Tahoma; color: #333399;\"><span style=\"font-size: large;\">MERCADO DE TRABALHO<\/span><\/span><\/strong><\/p>\n<p class=\"western\" align=\"justify\"><span style=\"font-family: Tahoma;\"><span style=\"font-size: large;\"><span style=\"color: #000000;\">A popula\u00e7\u00e3o ocupada foi recorde para a s\u00e9rie hist\u00f3rica, iniciada em 2012. Foram 99 milh\u00f5es de pessoas no trimestre encerrado em agosto. Subiu 1,5% (mais 1,5 milh\u00f5es) ante o trimestre anterior e 7,9% (mais 7,3 milh\u00f5es de pessoas) em um ano.<\/span><\/span><\/span><\/p>\n<p class=\"western\" align=\"justify\"><span style=\"font-family: Tahoma;\"><span style=\"font-size: large;\"><span style=\"color: #000000;\">O n\u00famero de empregados com carteira de trabalho assinada no setor privado foi de 36 milh\u00f5es. Registrou alta de 1,1% em rela\u00e7\u00e3o ao trimestre de mar\u00e7o a maio, o que s\u00e3o 398 mil pessoas. Subiu 9,4% contra o mesmo per\u00edodo 2021, o que s\u00e3o 3,1 milh\u00f5es de pessoas a mais.<\/span><\/span><\/span><\/p>\n<p class=\"western\" align=\"justify\"><span style=\"font-family: Tahoma;\"><span style=\"font-size: large;\"><span style=\"color: #000000;\">J\u00e1 a quantidade de empregados sem carteiras \u2013informais\u2013 atingiu 13,2 milh\u00f5es, o maior \u00edndice da s\u00e9rie hist\u00f3rica, iniciada em 2012. O contingente cresceu 2,8% em rela\u00e7\u00e3o ao trimestre anterior (mais 355 mil pessoas) e 16% em rela\u00e7\u00e3o ao trimestre de junho a agosto de 2021, o que representa 1,8 milh\u00e3o de pessoas.<\/span><\/span><\/span><\/p>\n<p class=\"western\" align=\"justify\"><span style=\"font-family: Tahoma;\"><span style=\"font-size: large;\"><span style=\"color: #000000;\">A taxa de informalidade foi de 39,7% da popula\u00e7\u00e3o ocupada, contra 40,1% no trimestre anterior e 40,6% no mesmo trimestre de 2021. O n\u00famero de trabalhadores informais chegou a 39,3 milh\u00f5es.<\/span><\/span><\/span><\/p>\n<p class=\"western\" align=\"justify\"><span style=\"color: #333399;\"><strong><span style=\"font-family: Tahoma;\"><span style=\"font-size: large;\">RENDIMENTO M\u00c9DIO<\/span><\/span><\/strong><\/span><\/p>\n<p class=\"western\" align=\"justify\"><span style=\"font-family: Tahoma;\"><span style=\"font-size: large;\"><span style=\"color: #000000;\">O rendimento real habitual (R$ 2.713) subiu 3,1% no trimestre de junho a agosto. Ficou est\u00e1vel em rela\u00e7\u00e3o ao mesmo per\u00edodo do ano passado.<\/span><\/span><\/span><\/p>\n<p class=\"western\" align=\"justify\"><span style=\"font-family: Tahoma;\"><span style=\"font-size: large;\"><span style=\"color: #000000;\">A massa de rendimento real habitual (R$ 263,5 bilh\u00f5es) cresceu 4,7% frente ao trimestre anterior e 7,7% na compara\u00e7\u00e3o anual.<br \/>\n<\/span><\/span><\/span><\/p>\n","protected":false},"excerpt":{"rendered":"<p>A taxa de desemprego caiu para 8,9% no trimestre de junho a agosto. Recuou 0,9 ponto percentual em rela\u00e7\u00e3o ao trimestre anterior, de mar\u00e7o, abril e maio. O \u00edndice chegou ao menor n\u00edvel desde agosto de 2015, quando registrou o mesmo percentual. O IBGE (Instituto Brasileiro de Geografia e Estat\u00edstica) divulgou o resultado nesta 6\u00aa &hellip;<\/p>\n","protected":false},"author":3,"featured_media":3529,"comment_status":"closed","ping_status":"closed","sticky":false,"template":"","format":"standard","meta":{"_links_to":"","_links_to_target":""},"categories":[17,1],"tags":[],"views":458,"_links":{"self":[{"href":"https:\/\/www.programapodcast.com.br\/v1\/wp-json\/wp\/v2\/posts\/5106"}],"collection":[{"href":"https:\/\/www.programapodcast.com.br\/v1\/wp-json\/wp\/v2\/posts"}],"about":[{"href":"https:\/\/www.programapodcast.com.br\/v1\/wp-json\/wp\/v2\/types\/post"}],"author":[{"embeddable":true,"href":"https:\/\/www.programapodcast.com.br\/v1\/wp-json\/wp\/v2\/users\/3"}],"replies":[{"embeddable":true,"href":"https:\/\/www.programapodcast.com.br\/v1\/wp-json\/wp\/v2\/comments?post=5106"}],"version-history":[{"count":1,"href":"https:\/\/www.programapodcast.com.br\/v1\/wp-json\/wp\/v2\/posts\/5106\/revisions"}],"predecessor-version":[{"id":5109,"href":"https:\/\/www.programapodcast.com.br\/v1\/wp-json\/wp\/v2\/posts\/5106\/revisions\/5109"}],"wp:featuredmedia":[{"embeddable":true,"href":"https:\/\/www.programapodcast.com.br\/v1\/wp-json\/wp\/v2\/media\/3529"}],"wp:attachment":[{"href":"https:\/\/www.programapodcast.com.br\/v1\/wp-json\/wp\/v2\/media?parent=5106"}],"wp:term":[{"taxonomy":"category","embeddable":true,"href":"https:\/\/www.programapodcast.com.br\/v1\/wp-json\/wp\/v2\/categories?post=5106"},{"taxonomy":"post_tag","embeddable":true,"href":"https:\/\/www.programapodcast.com.br\/v1\/wp-json\/wp\/v2\/tags?post=5106"}],"curies":[{"name":"wp","href":"https:\/\/api.w.org\/{rel}","templated":true}]}}