{"id":4951,"date":"2022-09-19T09:26:08","date_gmt":"2022-09-19T12:26:08","guid":{"rendered":"https:\/\/www.programapodcast.com.br\/v1\/?p=4951"},"modified":"2022-09-19T09:27:01","modified_gmt":"2022-09-19T12:27:01","slug":"bn-parana-pesquisas-jeronimo-rodrigues-tem-maior-rejeicao-entre-baianos","status":"publish","type":"post","link":"https:\/\/www.programapodcast.com.br\/v1\/2022\/09\/19\/bn-parana-pesquisas-jeronimo-rodrigues-tem-maior-rejeicao-entre-baianos\/","title":{"rendered":"BN\/PARAN\u00c1 PESQUISAS: JER\u00d4NIMO RODRIGUES (PT) TEM MAIOR REJEI\u00c7\u00c3O ENTRE BAIANOS"},"content":{"rendered":"<p class=\"western\" align=\"justify\"><span style=\"font-family: Tahoma;\"><span style=\"font-size: large;\"><span style=\"color: #000000;\">Em segundo lugar nas inten\u00e7\u00f5es de voto para governador, Jer\u00f4nimo Rodrigues (PT) \u00e9 rejeitado por 32,1% dos eleitores baianos, de acordo com o levantamento realizado pelo Instituto Paran\u00e1 Pesquisas em parceria com o Bahia Not\u00edcias. O petista aparece \u00e0 frente de todos os advers\u00e1rios. Jo\u00e3o Roma (PL), candidato do presidente Jair Bolsonaro (PL), historicamente com menos apoio entre os baianos, \u00e9 rejeitado por 22,7% dos entrevistados.<\/span><\/span><\/span><\/p>\n<p class=\"western\" align=\"justify\"><span style=\"font-family: Tahoma;\"><span style=\"font-size: large;\"><span style=\"color: #000000;\">O ex-prefeito de Salvador, ACM Neto (Uni\u00e3o), lidera a corrida pelo governo da Bahia, mas fica em terceiro lugar quando os eleitores s\u00e3o questionados em quem &#8220;n\u00e3o votaria de jeito nenhum&#8221;. Ele \u00e9 citado por 18,9% dos entrevistados.<\/span><\/span><\/span><\/p>\n<p class=\"western\" align=\"justify\"><span style=\"font-family: Tahoma;\"><span style=\"font-size: large;\"><span style=\"color: #000000;\">Marcelo Millet (PCO) \u00e9 rejeitado por 15,1% dos eleitores, contra 12,6% de Kleber Rosa (PSOL) e 12,4% de Giovani Damico (PCB). N\u00e3o souberam ou n\u00e3o responderam 22% dos entrevistados e apenas 5,7% disseram poder votar em qualquer um dos candidatos listados.<\/span><\/span><\/span><\/p>\n<p align=\"justify\"><img decoding=\"async\" loading=\"lazy\" class=\"size-full wp-image-4952 aligncenter\" src=\"https:\/\/www.programapodcast.com.br\/v1\/wp-content\/uploads\/2022\/09\/1-5.jpg\" alt=\"\" width=\"750\" height=\"1024\" srcset=\"https:\/\/www.programapodcast.com.br\/v1\/wp-content\/uploads\/2022\/09\/1-5.jpg 750w, https:\/\/www.programapodcast.com.br\/v1\/wp-content\/uploads\/2022\/09\/1-5-220x300.jpg 220w\" sizes=\"(max-width: 750px) 100vw, 750px\" \/><\/p>\n<p class=\"western\" align=\"justify\"><span style=\"font-family: Tahoma;\"><span style=\"font-size: large;\"><span style=\"color: #000000;\">O levantamento ouviu 1540 eleitores em 70 munic\u00edpios baianos entre os dias 14 e 18 de setembro de 2022. Possui margem de erro de 2,5% e um intervalo de confian\u00e7a de 95%. A pesquisa est\u00e1 registrada sob n\u00ba BA-02288\/2022.<br \/>\n<\/span><\/span><\/span><\/p>\n","protected":false},"excerpt":{"rendered":"<p>Em segundo lugar nas inten\u00e7\u00f5es de voto para governador, Jer\u00f4nimo Rodrigues (PT) \u00e9 rejeitado por 32,1% dos eleitores baianos, de acordo com o levantamento realizado pelo Instituto Paran\u00e1 Pesquisas em parceria com o Bahia Not\u00edcias. O petista aparece \u00e0 frente de todos os advers\u00e1rios. Jo\u00e3o Roma (PL), candidato do presidente Jair Bolsonaro (PL), historicamente com &hellip;<\/p>\n","protected":false},"author":3,"featured_media":4688,"comment_status":"closed","ping_status":"closed","sticky":false,"template":"","format":"standard","meta":{"_links_to":"","_links_to_target":""},"categories":[1,12],"tags":[],"views":377,"_links":{"self":[{"href":"https:\/\/www.programapodcast.com.br\/v1\/wp-json\/wp\/v2\/posts\/4951"}],"collection":[{"href":"https:\/\/www.programapodcast.com.br\/v1\/wp-json\/wp\/v2\/posts"}],"about":[{"href":"https:\/\/www.programapodcast.com.br\/v1\/wp-json\/wp\/v2\/types\/post"}],"author":[{"embeddable":true,"href":"https:\/\/www.programapodcast.com.br\/v1\/wp-json\/wp\/v2\/users\/3"}],"replies":[{"embeddable":true,"href":"https:\/\/www.programapodcast.com.br\/v1\/wp-json\/wp\/v2\/comments?post=4951"}],"version-history":[{"count":2,"href":"https:\/\/www.programapodcast.com.br\/v1\/wp-json\/wp\/v2\/posts\/4951\/revisions"}],"predecessor-version":[{"id":4954,"href":"https:\/\/www.programapodcast.com.br\/v1\/wp-json\/wp\/v2\/posts\/4951\/revisions\/4954"}],"wp:featuredmedia":[{"embeddable":true,"href":"https:\/\/www.programapodcast.com.br\/v1\/wp-json\/wp\/v2\/media\/4688"}],"wp:attachment":[{"href":"https:\/\/www.programapodcast.com.br\/v1\/wp-json\/wp\/v2\/media?parent=4951"}],"wp:term":[{"taxonomy":"category","embeddable":true,"href":"https:\/\/www.programapodcast.com.br\/v1\/wp-json\/wp\/v2\/categories?post=4951"},{"taxonomy":"post_tag","embeddable":true,"href":"https:\/\/www.programapodcast.com.br\/v1\/wp-json\/wp\/v2\/tags?post=4951"}],"curies":[{"name":"wp","href":"https:\/\/api.w.org\/{rel}","templated":true}]}}