{"id":4543,"date":"2022-08-22T12:27:49","date_gmt":"2022-08-22T15:27:49","guid":{"rendered":"https:\/\/www.programapodcast.com.br\/v1\/?p=4543"},"modified":"2022-08-22T12:27:49","modified_gmt":"2022-08-22T15:27:49","slug":"intolerancia-religiosa-diz-heber-sobre-fala-de-professora-da-usp","status":"publish","type":"post","link":"https:\/\/www.programapodcast.com.br\/v1\/2022\/08\/22\/intolerancia-religiosa-diz-heber-sobre-fala-de-professora-da-usp\/","title":{"rendered":"&#8220;INTOLER\u00c2NCIA RELIGIOSA&#8221;, DIZ HEBER SOBRE FALA DE PROFESSORA DA USP"},"content":{"rendered":"<p class=\"western\" align=\"justify\"><span style=\"font-family: Georgia;\"><span style=\"font-size: large;\"><span style=\"color: #000000;\">Ap\u00f3s a professora da Universidade de S\u00e3o Paulo (USP), Erm\u00ednia Maricato, afirmar que existe &#8220;m\u00e1fia&#8221; nas igrejas evang\u00e9licas, o presidente do PSC Bahia e candidato a deputado federal, Heber Santana, repudiou a declara\u00e7\u00e3o e apontou intoler\u00e2ncia religiosa na fala em evento que contou com a participa\u00e7\u00e3o do ex-presidente Lula (PT).<\/span><\/span><\/span><\/p>\n<p class=\"western\" align=\"justify\"><span style=\"font-family: Georgia;\"><span style=\"font-size: large;\"><span style=\"color: #000000;\">&#8220;Declara\u00e7\u00e3o absurda. Demonstrando extrema falta de respeito com as igrejas evang\u00e9licas. Me pergunto: caso fosse alguma cita\u00e7\u00e3o que envolvesse religi\u00f5es de matrizes africanas, a imprensa estaria noticiando, mas, nesse caso, resolveram se calar. Se somos contra a intoler\u00e2ncia religiosa, ent\u00e3o temos que nos revoltar sempre, independente da religi\u00e3o que est\u00e1 sendo ofendida, pois todas merecem respeito&#8221;, disse Heber nas redes sociais.<\/span><\/span><\/span><\/p>\n<p class=\"western\" align=\"justify\"><span style=\"font-family: Georgia;\"><span style=\"font-size: large;\"><span style=\"color: #000000;\">O presidente do PSC ainda questionou se a professora conhece a import\u00e2ncia das igrejas crist\u00e3s no papel social. &#8220;Ela desconhece o papel social das igrejas. S\u00e3o homens e mulheres que abrem m\u00e3o das suas vidas para atender, socorrer e ajudar os mais vulner\u00e1veis&#8221;, conclui.<\/span><\/span><\/span><\/p>\n<p class=\"western\" align=\"justify\"><span style=\"font-family: Georgia;\"><span style=\"font-size: large;\"><span style=\"color: #000000;\">A professora Erm\u00ednia Maricato falou em palanque na USP, antes de Lula discursar. De acordo com apura\u00e7\u00e3o do Poder 360, ela criticava a falta de estrutura e servi\u00e7os p\u00fablicos em grandes regi\u00f5es de metr\u00f3poles. \u201c[Partes das cidades] sem Estado. E o que significa isso? Significa periferias violentas. Periferias dominadas pelo crime organizado. Periferias dominadas pela mil\u00edcia que t\u00eam na produ\u00e7\u00e3o de moradia um grande neg\u00f3cio. Periferias dominadas por igrejas que fazem parte de uma verdadeira m\u00e1fia\u201d, declarou.<\/span><\/span><\/span><\/p>\n","protected":false},"excerpt":{"rendered":"<p>Ap\u00f3s a professora da Universidade de S\u00e3o Paulo (USP), Erm\u00ednia Maricato, afirmar que existe &#8220;m\u00e1fia&#8221; nas igrejas evang\u00e9licas, o presidente do PSC Bahia e candidato a deputado federal, Heber Santana, repudiou a declara\u00e7\u00e3o e apontou intoler\u00e2ncia religiosa na fala em evento que contou com a participa\u00e7\u00e3o do ex-presidente Lula (PT). &#8220;Declara\u00e7\u00e3o absurda. Demonstrando extrema falta &hellip;<\/p>\n","protected":false},"author":3,"featured_media":4438,"comment_status":"closed","ping_status":"closed","sticky":false,"template":"","format":"standard","meta":{"_links_to":"","_links_to_target":""},"categories":[1,12],"tags":[],"views":413,"_links":{"self":[{"href":"https:\/\/www.programapodcast.com.br\/v1\/wp-json\/wp\/v2\/posts\/4543"}],"collection":[{"href":"https:\/\/www.programapodcast.com.br\/v1\/wp-json\/wp\/v2\/posts"}],"about":[{"href":"https:\/\/www.programapodcast.com.br\/v1\/wp-json\/wp\/v2\/types\/post"}],"author":[{"embeddable":true,"href":"https:\/\/www.programapodcast.com.br\/v1\/wp-json\/wp\/v2\/users\/3"}],"replies":[{"embeddable":true,"href":"https:\/\/www.programapodcast.com.br\/v1\/wp-json\/wp\/v2\/comments?post=4543"}],"version-history":[{"count":1,"href":"https:\/\/www.programapodcast.com.br\/v1\/wp-json\/wp\/v2\/posts\/4543\/revisions"}],"predecessor-version":[{"id":4544,"href":"https:\/\/www.programapodcast.com.br\/v1\/wp-json\/wp\/v2\/posts\/4543\/revisions\/4544"}],"wp:featuredmedia":[{"embeddable":true,"href":"https:\/\/www.programapodcast.com.br\/v1\/wp-json\/wp\/v2\/media\/4438"}],"wp:attachment":[{"href":"https:\/\/www.programapodcast.com.br\/v1\/wp-json\/wp\/v2\/media?parent=4543"}],"wp:term":[{"taxonomy":"category","embeddable":true,"href":"https:\/\/www.programapodcast.com.br\/v1\/wp-json\/wp\/v2\/categories?post=4543"},{"taxonomy":"post_tag","embeddable":true,"href":"https:\/\/www.programapodcast.com.br\/v1\/wp-json\/wp\/v2\/tags?post=4543"}],"curies":[{"name":"wp","href":"https:\/\/api.w.org\/{rel}","templated":true}]}}