{"id":4394,"date":"2022-08-08T20:31:01","date_gmt":"2022-08-08T23:31:01","guid":{"rendered":"https:\/\/www.programapodcast.com.br\/v1\/?p=4394"},"modified":"2022-08-08T20:31:01","modified_gmt":"2022-08-08T23:31:01","slug":"cenario-em-salvador-e-rms-e-de-guerra-com-media-de-quatro-tiroteios-por-dia-afirma-paulo-camara","status":"publish","type":"post","link":"https:\/\/www.programapodcast.com.br\/v1\/2022\/08\/08\/cenario-em-salvador-e-rms-e-de-guerra-com-media-de-quatro-tiroteios-por-dia-afirma-paulo-camara\/","title":{"rendered":"\u201cCEN\u00c1RIO EM SALVADOR E RMS \u00c9 DE GUERRA COM M\u00c9DIA DE QUATRO TIROTEIOS POR DIA\u201d, AFIRMA PAULO C\u00c2MARA"},"content":{"rendered":"<p class=\"western\" align=\"justify\"><span style=\"font-family: Georgia;\"><span style=\"font-size: large;\"><span style=\"color: #000000;\">O deputado estadual Paulo C\u00e2mara (PSDB) afirmou nesta segunda-feira (8) que a Bahia vive um cen\u00e1rio de guerra, ao comentar o n\u00famero de tiroteios e mortos em Salvador e regi\u00e3o metropolitana (RMS) no \u00faltimo m\u00eas. \u201cForam pelo menos quatro tiroteios e tr\u00eas pessoas baleadas por dia, em m\u00e9dia, em julho\u201d, destacou o parlamentar, com base em dados do Instituto Fogo Cruzado, que realiza o mapeamento da viol\u00eancia armada. Este foi o primeiro m\u00eas de atua\u00e7\u00e3o da entidade na Bahia.<\/span><\/span><\/span><\/p>\n<p class=\"western\" align=\"justify\"><span style=\"font-family: Georgia;\"><span style=\"font-size: large;\"><span style=\"color: #000000;\">De acordo com o instituto, foram pelo menos 131 tiroteios em Salvador e regi\u00e3o metropolitana no \u00faltimo m\u00eas, com 108 pessoas baleadas e um alto \u00edndice de letalidade. Foram 84 mortos, o que corresponde a 77% das pessoas alvejadas.<\/span><\/span><\/span><\/p>\n<p class=\"western\" align=\"justify\"><span style=\"font-family: Georgia;\"><span style=\"font-size: large;\"><span style=\"color: #000000;\"> \u201cEsses dados, relativos apenas \u00e0 capital e regi\u00e3o metropolitana, d\u00e3o uma dimens\u00e3o da trag\u00e9dia que \u00e9 a seguran\u00e7a p\u00fablica no nosso estado. A Bahia vive um cen\u00e1rio de guerra. Por tr\u00e1s desses n\u00fameros, est\u00e3o hist\u00f3rias de dezenas de fam\u00edlias que perderam seus entes queridos, como a idosa Maria de Lourdes dos Santos, que morreu na \u00faltima semana, depois de ser baleada em uma troca de tiros quando fazia uma caminhada\u201d, disse o deputado. <\/span><\/span><\/span><\/p>\n<p class=\"western\" align=\"justify\"><span style=\"font-family: Georgia;\"><span style=\"font-size: large;\"><span style=\"color: #000000;\">Em julho, foram contabilizados 105 tiroteios em Salvador, com 67 mortos e 20 feridos. As trocas de tiros s\u00e3o informadas pela popula\u00e7\u00e3o em um aplicativo e, em seguida, mapeadas e confirmadas pelo Fogo Cruzado com os \u00f3rg\u00e3os oficiais.<br \/>\n<\/span><\/span><\/span><\/p>\n","protected":false},"excerpt":{"rendered":"<p>O deputado estadual Paulo C\u00e2mara (PSDB) afirmou nesta segunda-feira (8) que a Bahia vive um cen\u00e1rio de guerra, ao comentar o n\u00famero de tiroteios e mortos em Salvador e regi\u00e3o metropolitana (RMS) no \u00faltimo m\u00eas. \u201cForam pelo menos quatro tiroteios e tr\u00eas pessoas baleadas por dia, em m\u00e9dia, em julho\u201d, destacou o parlamentar, com base &hellip;<\/p>\n","protected":false},"author":3,"featured_media":4395,"comment_status":"closed","ping_status":"closed","sticky":false,"template":"","format":"standard","meta":{"_links_to":"","_links_to_target":""},"categories":[1,12],"tags":[],"views":326,"_links":{"self":[{"href":"https:\/\/www.programapodcast.com.br\/v1\/wp-json\/wp\/v2\/posts\/4394"}],"collection":[{"href":"https:\/\/www.programapodcast.com.br\/v1\/wp-json\/wp\/v2\/posts"}],"about":[{"href":"https:\/\/www.programapodcast.com.br\/v1\/wp-json\/wp\/v2\/types\/post"}],"author":[{"embeddable":true,"href":"https:\/\/www.programapodcast.com.br\/v1\/wp-json\/wp\/v2\/users\/3"}],"replies":[{"embeddable":true,"href":"https:\/\/www.programapodcast.com.br\/v1\/wp-json\/wp\/v2\/comments?post=4394"}],"version-history":[{"count":1,"href":"https:\/\/www.programapodcast.com.br\/v1\/wp-json\/wp\/v2\/posts\/4394\/revisions"}],"predecessor-version":[{"id":4396,"href":"https:\/\/www.programapodcast.com.br\/v1\/wp-json\/wp\/v2\/posts\/4394\/revisions\/4396"}],"wp:featuredmedia":[{"embeddable":true,"href":"https:\/\/www.programapodcast.com.br\/v1\/wp-json\/wp\/v2\/media\/4395"}],"wp:attachment":[{"href":"https:\/\/www.programapodcast.com.br\/v1\/wp-json\/wp\/v2\/media?parent=4394"}],"wp:term":[{"taxonomy":"category","embeddable":true,"href":"https:\/\/www.programapodcast.com.br\/v1\/wp-json\/wp\/v2\/categories?post=4394"},{"taxonomy":"post_tag","embeddable":true,"href":"https:\/\/www.programapodcast.com.br\/v1\/wp-json\/wp\/v2\/tags?post=4394"}],"curies":[{"name":"wp","href":"https:\/\/api.w.org\/{rel}","templated":true}]}}