{"id":4220,"date":"2022-07-24T21:35:51","date_gmt":"2022-07-25T00:35:51","guid":{"rendered":"https:\/\/www.programapodcast.com.br\/v1\/?p=4220"},"modified":"2022-07-24T21:35:51","modified_gmt":"2022-07-25T00:35:51","slug":"intermunicipal-comeca-no-proximo-domingo-jogo-de-abertura-sera-itamaraju-x-eunapolis","status":"publish","type":"post","link":"https:\/\/www.programapodcast.com.br\/v1\/2022\/07\/24\/intermunicipal-comeca-no-proximo-domingo-jogo-de-abertura-sera-itamaraju-x-eunapolis\/","title":{"rendered":"INTERMUNICIPAL COME\u00c7A NO PR\u00d3XIMO DOMINGO; JOGO DE ABERTURA SER\u00c1 ITAMARAJU X EUN\u00c1POLIS"},"content":{"rendered":"<p class=\"western\" align=\"justify\"><span style=\"font-family: Georgia;\"><span style=\"font-size: large;\"><span style=\"color: #000000;\">A bola vai rolar no Intermunicipal a partir do pr\u00f3ximo domingo (31). E o jogo oficial de abertura ser\u00e1 entre Itamaraju, atual campe\u00e3 da competi\u00e7\u00e3o, e Eun\u00e1polis, a partir das 15h30, no Est\u00e1dio Municipal Juarez Barbosa, em Itamaraju. O certame contar\u00e1 com a transmiss\u00e3o da TVE.<br \/>\n<\/span><\/span><\/span><\/p>\n<p class=\"western\" align=\"justify\"><span style=\"font-family: Georgia;\"><span style=\"font-size: large;\"><span style=\"color: #000000;\">No mesmo dia, as demais 52 sele\u00e7\u00f5es entrar\u00e3o em campo para a 1\u00aa rodada. A final, quando ser\u00e1 conhecida a campe\u00e3, foi marcada para o dia 13 de novembro.<br \/>\n<\/span><\/span><\/span><\/p>\n<p class=\"western\" align=\"justify\"><span style=\"font-family: Georgia;\"><span style=\"font-size: large;\"><span style=\"color: #000000;\">O Campeonato Baiano de Futebol Intermunicipal Ednaldo Rodrigues Gomes 2022 reunir\u00e1 54 sele\u00e7\u00f5es, divididas em 14 grupos regionalizados, sendo 12 chaves de quatro equipes e duas com tr\u00eas times.<br \/>\n<\/span><\/span><\/span><\/p>\n<p class=\"western\" align=\"justify\"><span style=\"font-family: Georgia;\"><span style=\"font-size: large;\"><span style=\"color: #000000;\">Dentro de campo, o Intermunicipal revelou nomes como Bob\u00f4, Aldair, Edilson Capetinha, Li\u00e9dson, J\u00fanior Nagata, Paulo Almeida, Neto Berola, dentre outros.<\/span><\/span><\/span><\/p>\n<p class=\"western\" align=\"justify\"><span style=\"font-family: Georgia;\"><span style=\"font-size: large;\"><span style=\"color: #000000;\"><strong>SOLENIDADE DE ABERTURA\u00a0 (31\/07\/2022)<\/strong><\/span><\/span><\/span><\/p>\n<p class=\"western\" align=\"justify\"><span style=\"font-family: Georgia;\"><span style=\"font-size: large;\"><span style=\"color: #000000;\">14h &#8211; Desfile dos desportistas portando bandeiras, representando as sele\u00e7\u00f5es participantes.<br \/>\n14h30 -Hasteamento das Bandeiras do Brasil, da Bahia, da FBF, de Itamaraju e execu\u00e7\u00e3o do Hino Nacional pela Banda Filarm\u00f4nica.<br \/>\n<\/span><\/span><\/span><\/p>\n","protected":false},"excerpt":{"rendered":"<p>A bola vai rolar no Intermunicipal a partir do pr\u00f3ximo domingo (31). E o jogo oficial de abertura ser\u00e1 entre Itamaraju, atual campe\u00e3 da competi\u00e7\u00e3o, e Eun\u00e1polis, a partir das 15h30, no Est\u00e1dio Municipal Juarez Barbosa, em Itamaraju. O certame contar\u00e1 com a transmiss\u00e3o da TVE. No mesmo dia, as demais 52 sele\u00e7\u00f5es entrar\u00e3o em &hellip;<\/p>\n","protected":false},"author":3,"featured_media":4221,"comment_status":"closed","ping_status":"closed","sticky":false,"template":"","format":"standard","meta":{"_links_to":"","_links_to_target":""},"categories":[16,1],"tags":[],"views":527,"_links":{"self":[{"href":"https:\/\/www.programapodcast.com.br\/v1\/wp-json\/wp\/v2\/posts\/4220"}],"collection":[{"href":"https:\/\/www.programapodcast.com.br\/v1\/wp-json\/wp\/v2\/posts"}],"about":[{"href":"https:\/\/www.programapodcast.com.br\/v1\/wp-json\/wp\/v2\/types\/post"}],"author":[{"embeddable":true,"href":"https:\/\/www.programapodcast.com.br\/v1\/wp-json\/wp\/v2\/users\/3"}],"replies":[{"embeddable":true,"href":"https:\/\/www.programapodcast.com.br\/v1\/wp-json\/wp\/v2\/comments?post=4220"}],"version-history":[{"count":1,"href":"https:\/\/www.programapodcast.com.br\/v1\/wp-json\/wp\/v2\/posts\/4220\/revisions"}],"predecessor-version":[{"id":4222,"href":"https:\/\/www.programapodcast.com.br\/v1\/wp-json\/wp\/v2\/posts\/4220\/revisions\/4222"}],"wp:featuredmedia":[{"embeddable":true,"href":"https:\/\/www.programapodcast.com.br\/v1\/wp-json\/wp\/v2\/media\/4221"}],"wp:attachment":[{"href":"https:\/\/www.programapodcast.com.br\/v1\/wp-json\/wp\/v2\/media?parent=4220"}],"wp:term":[{"taxonomy":"category","embeddable":true,"href":"https:\/\/www.programapodcast.com.br\/v1\/wp-json\/wp\/v2\/categories?post=4220"},{"taxonomy":"post_tag","embeddable":true,"href":"https:\/\/www.programapodcast.com.br\/v1\/wp-json\/wp\/v2\/tags?post=4220"}],"curies":[{"name":"wp","href":"https:\/\/api.w.org\/{rel}","templated":true}]}}