{"id":2635,"date":"2022-02-03T00:58:44","date_gmt":"2022-02-03T03:58:44","guid":{"rendered":"https:\/\/www.programapodcast.com.br\/v1\/?p=2635"},"modified":"2022-02-03T00:58:44","modified_gmt":"2022-02-03T03:58:44","slug":"com-senado-guardado-para-nilo-gualberto-felix-e-ronaldo-disputam-vice-de-neto","status":"publish","type":"post","link":"https:\/\/www.programapodcast.com.br\/v1\/2022\/02\/03\/com-senado-guardado-para-nilo-gualberto-felix-e-ronaldo-disputam-vice-de-neto\/","title":{"rendered":"Com Senado guardado para Nilo, Gualberto, F\u00e9lix e Ronaldo disputam vice de Neto"},"content":{"rendered":"<p>Com a vaga ao Senado praticamente guardada por ACM Neto (DEM) para Marcelo Nilo, hoje \u00e0 procura de uma legenda para desembarcar do PSB e se alinhar ao novo grupo, a cobi\u00e7a na chapa do democrata voltou-se para a vice.<\/p>\n<p>&nbsp;<\/p>\n<p>Pelo menos tr\u00eas nomes disputam o espa\u00e7o \u2013 o prefeito Jo\u00e3o Gualberto (PSDB), de Mata de S\u00e3o Jo\u00e3o, o deputado federal F\u00e9lix Jr., presidente estadual do PDT, e o ex-prefeito de Feira de Santana, Jos\u00e9 Ronaldo.<\/p>\n<p>&nbsp;<\/p>\n<p>Vence a concorr\u00eancia aquele que levar um partido para o grupo. O MDB, dos Vieira Lima, faz restri\u00e7\u00e3o a apenas um dos tr\u00eas, especialmente depois que Gualberto se \u2018contorceu todo\u2019 para dirigir elogios ao partido.<\/p>\n","protected":false},"excerpt":{"rendered":"<p>Com a vaga ao Senado praticamente guardada por ACM Neto (DEM) para Marcelo Nilo, hoje \u00e0 procura de uma legenda para desembarcar do PSB e se alinhar ao novo grupo, a cobi\u00e7a na chapa do democrata voltou-se para a vice. &nbsp; Pelo menos tr\u00eas nomes disputam o espa\u00e7o \u2013 o prefeito Jo\u00e3o Gualberto (PSDB), de &hellip;<\/p>\n","protected":false},"author":3,"featured_media":2636,"comment_status":"closed","ping_status":"closed","sticky":false,"template":"","format":"standard","meta":{"_links_to":"","_links_to_target":""},"categories":[1],"tags":[],"views":375,"_links":{"self":[{"href":"https:\/\/www.programapodcast.com.br\/v1\/wp-json\/wp\/v2\/posts\/2635"}],"collection":[{"href":"https:\/\/www.programapodcast.com.br\/v1\/wp-json\/wp\/v2\/posts"}],"about":[{"href":"https:\/\/www.programapodcast.com.br\/v1\/wp-json\/wp\/v2\/types\/post"}],"author":[{"embeddable":true,"href":"https:\/\/www.programapodcast.com.br\/v1\/wp-json\/wp\/v2\/users\/3"}],"replies":[{"embeddable":true,"href":"https:\/\/www.programapodcast.com.br\/v1\/wp-json\/wp\/v2\/comments?post=2635"}],"version-history":[{"count":1,"href":"https:\/\/www.programapodcast.com.br\/v1\/wp-json\/wp\/v2\/posts\/2635\/revisions"}],"predecessor-version":[{"id":2637,"href":"https:\/\/www.programapodcast.com.br\/v1\/wp-json\/wp\/v2\/posts\/2635\/revisions\/2637"}],"wp:featuredmedia":[{"embeddable":true,"href":"https:\/\/www.programapodcast.com.br\/v1\/wp-json\/wp\/v2\/media\/2636"}],"wp:attachment":[{"href":"https:\/\/www.programapodcast.com.br\/v1\/wp-json\/wp\/v2\/media?parent=2635"}],"wp:term":[{"taxonomy":"category","embeddable":true,"href":"https:\/\/www.programapodcast.com.br\/v1\/wp-json\/wp\/v2\/categories?post=2635"},{"taxonomy":"post_tag","embeddable":true,"href":"https:\/\/www.programapodcast.com.br\/v1\/wp-json\/wp\/v2\/tags?post=2635"}],"curies":[{"name":"wp","href":"https:\/\/api.w.org\/{rel}","templated":true}]}}