{"id":2463,"date":"2021-12-31T20:01:17","date_gmt":"2021-12-31T23:01:17","guid":{"rendered":"https:\/\/www.programapodcast.com.br\/v1\/?p=2463"},"modified":"2021-12-31T20:01:17","modified_gmt":"2021-12-31T23:01:17","slug":"itapetinga-rodrigo-hagge-confirma-envio-de-31-toneladas-de-alimentos-e-outros-generos-pelo-governo-federal","status":"publish","type":"post","link":"https:\/\/www.programapodcast.com.br\/v1\/2021\/12\/31\/itapetinga-rodrigo-hagge-confirma-envio-de-31-toneladas-de-alimentos-e-outros-generos-pelo-governo-federal\/","title":{"rendered":"ITAPETINGA: RODRIGO HAGGE CONFIRMA ENVIO DE 31 TONELADAS DE ALIMENTOS E OUTROS G\u00caNEROS PELO GOVERNO FEDERAL"},"content":{"rendered":"<p>Na noite desta quinta-feira (30) o prefeito Rodrigo Hagge informou que o munic\u00edpio de Itapetinga ir\u00e1 receber mais de 30 toneladas de alimentos e outros g\u00eaneros, como colch\u00f5es e fraudas, atrav\u00e9s do Minist\u00e9rio da Cidadania.<\/p>\n<p>&nbsp;<\/p>\n<p>A confirma\u00e7\u00e3o foi feita pelo pr\u00f3prio ministro Jo\u00e3o Roma, atrav\u00e9s de uma liga\u00e7\u00e3o para o prefeito Rodrigo, na noite de hoje.<\/p>\n<p>&nbsp;<\/p>\n<p>De acordo com o gestor municipal, os g\u00eaneros vir\u00e3o via a\u00e9rea, para o aeroporto de Vit\u00f3ria da Conquista, seguindo depois para o munic\u00edpio de Itapetinga, onde ser\u00e3o distribu\u00eddos \u00e0 popula\u00e7\u00e3o impactada pela cheia do rio Catol\u00e9.<\/p>\n<p>&nbsp;<\/p>\n<p>A informa\u00e7\u00e3o foi dada ainda h\u00e1 pouco, pelo prefeito ao radialista Valdomiro Mota, na central de arrecada\u00e7\u00e3o de doa\u00e7\u00f5es, no col\u00e9gio Nair Jandiroba.<\/p>\n<p>&nbsp;<\/p>\n<p>Por Davi Ferraz<\/p>\n","protected":false},"excerpt":{"rendered":"<p>Na noite desta quinta-feira (30) o prefeito Rodrigo Hagge informou que o munic\u00edpio de Itapetinga ir\u00e1 receber mais de 30 toneladas de alimentos e outros g\u00eaneros, como colch\u00f5es e fraudas, atrav\u00e9s do Minist\u00e9rio da Cidadania. &nbsp; A confirma\u00e7\u00e3o foi feita pelo pr\u00f3prio ministro Jo\u00e3o Roma, atrav\u00e9s de uma liga\u00e7\u00e3o para o prefeito Rodrigo, na noite &hellip;<\/p>\n","protected":false},"author":3,"featured_media":2464,"comment_status":"closed","ping_status":"closed","sticky":false,"template":"","format":"standard","meta":{"_links_to":"","_links_to_target":""},"categories":[1],"tags":[],"views":353,"_links":{"self":[{"href":"https:\/\/www.programapodcast.com.br\/v1\/wp-json\/wp\/v2\/posts\/2463"}],"collection":[{"href":"https:\/\/www.programapodcast.com.br\/v1\/wp-json\/wp\/v2\/posts"}],"about":[{"href":"https:\/\/www.programapodcast.com.br\/v1\/wp-json\/wp\/v2\/types\/post"}],"author":[{"embeddable":true,"href":"https:\/\/www.programapodcast.com.br\/v1\/wp-json\/wp\/v2\/users\/3"}],"replies":[{"embeddable":true,"href":"https:\/\/www.programapodcast.com.br\/v1\/wp-json\/wp\/v2\/comments?post=2463"}],"version-history":[{"count":1,"href":"https:\/\/www.programapodcast.com.br\/v1\/wp-json\/wp\/v2\/posts\/2463\/revisions"}],"predecessor-version":[{"id":2465,"href":"https:\/\/www.programapodcast.com.br\/v1\/wp-json\/wp\/v2\/posts\/2463\/revisions\/2465"}],"wp:featuredmedia":[{"embeddable":true,"href":"https:\/\/www.programapodcast.com.br\/v1\/wp-json\/wp\/v2\/media\/2464"}],"wp:attachment":[{"href":"https:\/\/www.programapodcast.com.br\/v1\/wp-json\/wp\/v2\/media?parent=2463"}],"wp:term":[{"taxonomy":"category","embeddable":true,"href":"https:\/\/www.programapodcast.com.br\/v1\/wp-json\/wp\/v2\/categories?post=2463"},{"taxonomy":"post_tag","embeddable":true,"href":"https:\/\/www.programapodcast.com.br\/v1\/wp-json\/wp\/v2\/tags?post=2463"}],"curies":[{"name":"wp","href":"https:\/\/api.w.org\/{rel}","templated":true}]}}