{"id":2394,"date":"2021-12-25T13:56:15","date_gmt":"2021-12-25T16:56:15","guid":{"rendered":"https:\/\/www.programapodcast.com.br\/v1\/?p=2394"},"modified":"2021-12-25T14:00:52","modified_gmt":"2021-12-25T17:00:52","slug":"pedro-tavares-pede-atencao-especial-dos-governos-estadual-e-federal-para-itapetinga","status":"publish","type":"post","link":"https:\/\/www.programapodcast.com.br\/v1\/2021\/12\/25\/pedro-tavares-pede-atencao-especial-dos-governos-estadual-e-federal-para-itapetinga\/","title":{"rendered":"Pedro Tavares pede aten\u00e7\u00e3o especial dos Governos estadual e federal para Itapetinga"},"content":{"rendered":"<p>Pedro Tavares pede aten\u00e7\u00e3o especial dos Governos estadual e federal para Itapetinga<\/p>\n<p>&nbsp;<\/p>\n<p>O deputado se solidariza tamb\u00e9m com as demais cidades da regi\u00e3o Sudoeste e Sul da Bahia, que sofrem hoje os preju\u00edzos do temporal.<\/p>\n<p>&nbsp;<\/p>\n<p>&nbsp;<\/p>\n<p>O deputado estadual Pedro Tavares (DEM), pede aten\u00e7\u00e3o especial dos Governos estadual e federal para Itapetinga. O parlamentar ressaltou a sua consterna\u00e7\u00e3o, diante das dificuldades enfrentadas pela popula\u00e7\u00e3o por causa das fortes chuvas que atingem a cidade e todo o estado da Bahia, nesse Natal.<\/p>\n<p>&nbsp;<\/p>\n<p>\u201cAgora \u00e9 hora de uni\u00e3o e de um esfor\u00e7o conjunto para minimizar os danos causados pelas chuvas. Pe\u00e7o que os Governo do estado e tamb\u00e9m o Governo federal disponibilize suas estruturas para Itapetinga, afim de auxiliar o munic\u00edpio, que nesse momento sofre as consequ\u00eancias das enxurradas\u201d, disse.<\/p>\n<p>&nbsp;<\/p>\n<p>O deputado lamentou o momento de muitas dificuldades para os moradores de Itapetinga e colocou o seu mandato \u00e0 disposi\u00e7\u00e3o para auxiliar naquilo que for preciso. \u201cA popula\u00e7\u00e3o de Itapetinga com quem nos solidarizamos nesse momento e o amigo, prefeito Rodrigo Hagge, que desde o in\u00edcio das fortes chuvas est\u00e1 nas ruas com a equipe tomando as provid\u00eancias necess\u00e1rias para minimizar os preju\u00edzos para a popula\u00e7\u00e3o, podem contar com a aten\u00e7\u00e3o do nosso mandato\u201d, afirmou.<\/p>\n<p>&nbsp;<\/p>\n<p>Tavares refor\u00e7a a necessidade de a gest\u00e3o estadual acionar os \u00f3rg\u00e3os e enviar uma equipe permanente do Corpo de Bombeiros, al\u00e9m de mantimentos e materiais para os desabrigados do munic\u00edpio.<\/p>\n<p>&nbsp;<\/p>\n<p>O deputado se solidariza tamb\u00e9m com as demais cidades da regi\u00e3o Sudoeste e Sul da Bahia, que sofrem hoje os preju\u00edzos do temporal. \u201cTenho acompanhado a situa\u00e7\u00e3o das cidades e pe\u00e7o as interven\u00e7\u00f5es do Governo para que ampare a popula\u00e7\u00e3o\u201d, frisou.<\/p>\n","protected":false},"excerpt":{"rendered":"<p>Pedro Tavares pede aten\u00e7\u00e3o especial dos Governos estadual e federal para Itapetinga &nbsp; O deputado se solidariza tamb\u00e9m com as demais cidades da regi\u00e3o Sudoeste e Sul da Bahia, que sofrem hoje os preju\u00edzos do temporal. &nbsp; &nbsp; O deputado estadual Pedro Tavares (DEM), pede aten\u00e7\u00e3o especial dos Governos estadual e federal para Itapetinga. O &hellip;<\/p>\n","protected":false},"author":3,"featured_media":2397,"comment_status":"closed","ping_status":"closed","sticky":false,"template":"","format":"standard","meta":{"_links_to":"","_links_to_target":""},"categories":[1],"tags":[],"views":372,"_links":{"self":[{"href":"https:\/\/www.programapodcast.com.br\/v1\/wp-json\/wp\/v2\/posts\/2394"}],"collection":[{"href":"https:\/\/www.programapodcast.com.br\/v1\/wp-json\/wp\/v2\/posts"}],"about":[{"href":"https:\/\/www.programapodcast.com.br\/v1\/wp-json\/wp\/v2\/types\/post"}],"author":[{"embeddable":true,"href":"https:\/\/www.programapodcast.com.br\/v1\/wp-json\/wp\/v2\/users\/3"}],"replies":[{"embeddable":true,"href":"https:\/\/www.programapodcast.com.br\/v1\/wp-json\/wp\/v2\/comments?post=2394"}],"version-history":[{"count":2,"href":"https:\/\/www.programapodcast.com.br\/v1\/wp-json\/wp\/v2\/posts\/2394\/revisions"}],"predecessor-version":[{"id":2398,"href":"https:\/\/www.programapodcast.com.br\/v1\/wp-json\/wp\/v2\/posts\/2394\/revisions\/2398"}],"wp:featuredmedia":[{"embeddable":true,"href":"https:\/\/www.programapodcast.com.br\/v1\/wp-json\/wp\/v2\/media\/2397"}],"wp:attachment":[{"href":"https:\/\/www.programapodcast.com.br\/v1\/wp-json\/wp\/v2\/media?parent=2394"}],"wp:term":[{"taxonomy":"category","embeddable":true,"href":"https:\/\/www.programapodcast.com.br\/v1\/wp-json\/wp\/v2\/categories?post=2394"},{"taxonomy":"post_tag","embeddable":true,"href":"https:\/\/www.programapodcast.com.br\/v1\/wp-json\/wp\/v2\/tags?post=2394"}],"curies":[{"name":"wp","href":"https:\/\/api.w.org\/{rel}","templated":true}]}}