{"id":2253,"date":"2021-12-03T18:26:50","date_gmt":"2021-12-03T21:26:50","guid":{"rendered":"https:\/\/www.programapodcast.com.br\/v1\/?p=2253"},"modified":"2021-12-03T18:26:50","modified_gmt":"2021-12-03T21:26:50","slug":"ministro-joao-roma-visita-neste-sabado-itapetinga","status":"publish","type":"post","link":"https:\/\/www.programapodcast.com.br\/v1\/2021\/12\/03\/ministro-joao-roma-visita-neste-sabado-itapetinga\/","title":{"rendered":"Ministro Jo\u00e3o Roma visita neste s\u00e1bado Itapetinga"},"content":{"rendered":"<p>O Ministro da Cidadania, Jo\u00e3o Roma visita neste s\u00e1bado (4), o munic\u00edpio de Itapetinga, no Territ\u00f3rio do M\u00e9dio Sudoeste Baiano.<\/p>\n<p>&nbsp;<\/p>\n<p>Em v\u00eddeo divulgado na tarde desta sexta-feira (3), Jo\u00e3o Roma anunciou sua ida a Capital da Pecu\u00e1ria Baiana. \u201cEstaremos ao lado do prefeito Rodrigo Hagge visitando obras e anunciando coisas boas para Itapetinga\u201d, afirmou o Ministro no v\u00eddeo gravado junto com o presidente Jair Bolsonaro, o ex-Senador Magno Malta e o cantor Netinho da Bahia.<\/p>\n<p>&nbsp;<\/p>\n<p>O Ministro ser\u00e1 recepcionado pelo prefeito Rodrigo Hagge na C\u00e2mara Municipal de Itapetinga, a partir das 15 horas.<\/p>\n","protected":false},"excerpt":{"rendered":"<p>O Ministro da Cidadania, Jo\u00e3o Roma visita neste s\u00e1bado (4), o munic\u00edpio de Itapetinga, no Territ\u00f3rio do M\u00e9dio Sudoeste Baiano. &nbsp; Em v\u00eddeo divulgado na tarde desta sexta-feira (3), Jo\u00e3o Roma anunciou sua ida a Capital da Pecu\u00e1ria Baiana. \u201cEstaremos ao lado do prefeito Rodrigo Hagge visitando obras e anunciando coisas boas para Itapetinga\u201d, afirmou &hellip;<\/p>\n","protected":false},"author":3,"featured_media":2255,"comment_status":"closed","ping_status":"closed","sticky":false,"template":"","format":"standard","meta":{"_links_to":"","_links_to_target":""},"categories":[1],"tags":[],"views":434,"_links":{"self":[{"href":"https:\/\/www.programapodcast.com.br\/v1\/wp-json\/wp\/v2\/posts\/2253"}],"collection":[{"href":"https:\/\/www.programapodcast.com.br\/v1\/wp-json\/wp\/v2\/posts"}],"about":[{"href":"https:\/\/www.programapodcast.com.br\/v1\/wp-json\/wp\/v2\/types\/post"}],"author":[{"embeddable":true,"href":"https:\/\/www.programapodcast.com.br\/v1\/wp-json\/wp\/v2\/users\/3"}],"replies":[{"embeddable":true,"href":"https:\/\/www.programapodcast.com.br\/v1\/wp-json\/wp\/v2\/comments?post=2253"}],"version-history":[{"count":1,"href":"https:\/\/www.programapodcast.com.br\/v1\/wp-json\/wp\/v2\/posts\/2253\/revisions"}],"predecessor-version":[{"id":2256,"href":"https:\/\/www.programapodcast.com.br\/v1\/wp-json\/wp\/v2\/posts\/2253\/revisions\/2256"}],"wp:featuredmedia":[{"embeddable":true,"href":"https:\/\/www.programapodcast.com.br\/v1\/wp-json\/wp\/v2\/media\/2255"}],"wp:attachment":[{"href":"https:\/\/www.programapodcast.com.br\/v1\/wp-json\/wp\/v2\/media?parent=2253"}],"wp:term":[{"taxonomy":"category","embeddable":true,"href":"https:\/\/www.programapodcast.com.br\/v1\/wp-json\/wp\/v2\/categories?post=2253"},{"taxonomy":"post_tag","embeddable":true,"href":"https:\/\/www.programapodcast.com.br\/v1\/wp-json\/wp\/v2\/tags?post=2253"}],"curies":[{"name":"wp","href":"https:\/\/api.w.org\/{rel}","templated":true}]}}