{"id":2134,"date":"2021-11-19T08:48:44","date_gmt":"2021-11-19T11:48:44","guid":{"rendered":"https:\/\/www.programapodcast.com.br\/v1\/?p=2134"},"modified":"2021-11-19T08:48:44","modified_gmt":"2021-11-19T11:48:44","slug":"final-da-super-copa-de-futebol-leo-matos-sera-disputada-no-estadio-primaverao","status":"publish","type":"post","link":"https:\/\/www.programapodcast.com.br\/v1\/2021\/11\/19\/final-da-super-copa-de-futebol-leo-matos-sera-disputada-no-estadio-primaverao\/","title":{"rendered":"Final da Super Copa de Futebol L\u00e9o Matos ser\u00e1 disputada no Est\u00e1dio Primaver\u00e3o"},"content":{"rendered":"<p>Final da Super Copa de Futebol L\u00e9o Matos ser\u00e1 disputada no Est\u00e1dio Primaver\u00e3o<\/p>\n<p>A grande final da Super Copa de Futebol L\u00e9o Matos ser\u00e1 disputada no pr\u00f3ximo domingo (21), \u00e0s 10:00 horas no Est\u00e1dio Ant\u00f4nio Carlos Magalh\u00e3es (Primaver\u00e3o).<\/p>\n<p>Corinthians, representante do Bairro Vila Riach\u00e3o e Internacional, da Nova Itapetinga decidem o t\u00edtulo in\u00e9dito da competi\u00e7\u00e3o, que homenageia o advogado e ex-presidente da C\u00e2mara Municipal de Itapetinga, falecido em Abril deste ano.<\/p>\n<p>Na partida pr\u00e9-liminar, \u00e0s 08:30, a Sele\u00e7\u00e3o de Itapetinga enfrenta a Sele\u00e7\u00e3o de Macarani, em partida v\u00e1lida pela 2\u00aa rodada da Copa Regional de Futebol (Master).<\/p>\n","protected":false},"excerpt":{"rendered":"<p>Final da Super Copa de Futebol L\u00e9o Matos ser\u00e1 disputada no Est\u00e1dio Primaver\u00e3o A grande final da Super Copa de Futebol L\u00e9o Matos ser\u00e1 disputada no pr\u00f3ximo domingo (21), \u00e0s 10:00 horas no Est\u00e1dio Ant\u00f4nio Carlos Magalh\u00e3es (Primaver\u00e3o). Corinthians, representante do Bairro Vila Riach\u00e3o e Internacional, da Nova Itapetinga decidem o t\u00edtulo in\u00e9dito da competi\u00e7\u00e3o, &hellip;<\/p>\n","protected":false},"author":3,"featured_media":2135,"comment_status":"closed","ping_status":"closed","sticky":false,"template":"","format":"standard","meta":{"_links_to":"","_links_to_target":""},"categories":[1],"tags":[],"views":395,"_links":{"self":[{"href":"https:\/\/www.programapodcast.com.br\/v1\/wp-json\/wp\/v2\/posts\/2134"}],"collection":[{"href":"https:\/\/www.programapodcast.com.br\/v1\/wp-json\/wp\/v2\/posts"}],"about":[{"href":"https:\/\/www.programapodcast.com.br\/v1\/wp-json\/wp\/v2\/types\/post"}],"author":[{"embeddable":true,"href":"https:\/\/www.programapodcast.com.br\/v1\/wp-json\/wp\/v2\/users\/3"}],"replies":[{"embeddable":true,"href":"https:\/\/www.programapodcast.com.br\/v1\/wp-json\/wp\/v2\/comments?post=2134"}],"version-history":[{"count":1,"href":"https:\/\/www.programapodcast.com.br\/v1\/wp-json\/wp\/v2\/posts\/2134\/revisions"}],"predecessor-version":[{"id":2136,"href":"https:\/\/www.programapodcast.com.br\/v1\/wp-json\/wp\/v2\/posts\/2134\/revisions\/2136"}],"wp:featuredmedia":[{"embeddable":true,"href":"https:\/\/www.programapodcast.com.br\/v1\/wp-json\/wp\/v2\/media\/2135"}],"wp:attachment":[{"href":"https:\/\/www.programapodcast.com.br\/v1\/wp-json\/wp\/v2\/media?parent=2134"}],"wp:term":[{"taxonomy":"category","embeddable":true,"href":"https:\/\/www.programapodcast.com.br\/v1\/wp-json\/wp\/v2\/categories?post=2134"},{"taxonomy":"post_tag","embeddable":true,"href":"https:\/\/www.programapodcast.com.br\/v1\/wp-json\/wp\/v2\/tags?post=2134"}],"curies":[{"name":"wp","href":"https:\/\/api.w.org\/{rel}","templated":true}]}}