{"id":20110,"date":"2026-09-01T19:29:52","date_gmt":"2026-09-01T22:29:52","guid":{"rendered":"https:\/\/www.programapodcast.com.br\/v1\/?p=20110"},"modified":"2026-09-01T19:29:52","modified_gmt":"2026-09-01T22:29:52","slug":"comutran-se-consolida-como-referencia-em-organizacao-e-seguranca-no-transito-na-gestao-eduardo-hagge","status":"publish","type":"post","link":"https:\/\/www.programapodcast.com.br\/v1\/2026\/09\/01\/comutran-se-consolida-como-referencia-em-organizacao-e-seguranca-no-transito-na-gestao-eduardo-hagge\/","title":{"rendered":"COMUTRAN se consolida como refer\u00eancia em organiza\u00e7\u00e3o e seguran\u00e7a no tr\u00e2nsito na gest\u00e3o Eduardo Hagge"},"content":{"rendered":"<div class=\"qMYqUG_convSearchResultHighlightRoot\">\n<div class=\"\" data-turn-id-container=\"2f384770-56d1-44a0-b307-cadfbd629d2b\" data-is-intersecting=\"true\">\n<section class=\"text-token-text-primary w-full focus:outline-none has-data-writing-block:pointer-events-none [&amp;:has([data-writing-block])&gt;*]:pointer-events-auto R6Vx5W_threadScrollVars scroll-mb-[calc(var(--scroll-root-safe-area-inset-bottom,0px)+var(--thread-response-height))] scroll-mt-[calc(var(--header-height)+min(200px,max(70px,20svh)))]\" dir=\"auto\" data-turn-id=\"2f384770-56d1-44a0-b307-cadfbd629d2b\" data-turn-id-container=\"2f384770-56d1-44a0-b307-cadfbd629d2b\" data-testid=\"conversation-turn-2\" data-turn=\"assistant\">\n<div class=\"text-base my-auto mx-auto pb-8 [--thread-content-margin:var(--thread-content-margin-xs,calc(var(--spacing)*4))] @w-sm\/main:[--thread-content-margin:var(--thread-content-margin-sm,calc(var(--spacing)*6))] @w-lg\/main:[--thread-content-margin:var(--thread-content-margin-lg,calc(var(--spacing)*16))] px-(--thread-content-margin)\">\n<div class=\"[--thread-content-max-width:40rem] @w-lg\/main:[--thread-content-max-width:48rem] mx-auto max-w-(--thread-content-max-width) flex-1 group\/turn-messages focus-visible:outline-hidden relative flex w-full min-w-0 flex-col agent-turn\" data-conversation-screenshot-content=\"\">\n<div class=\"flex max-w-full flex-col gap-4 grow\">\n<div class=\"min-h-8 text-message relative flex w-full flex-col items-end gap-2 text-start break-words whitespace-normal outline-none keyboard-focused:focus-ring [.text-message+&amp;]:mt-1\" dir=\"auto\" data-message-author-role=\"assistant\" data-message-id=\"d45c15c8-2b0b-4242-96bb-65454e22890b\" data-turn-start-message=\"true\" data-message-model-slug=\"gpt-5-6\">\n<div class=\"flex w-full flex-col gap-1 empty:hidden\">\n<div class=\"markdown prose dark:prose-invert wrap-break-word w-full light markdown-new-styling\">\n<p class=\"PDq2pG_selectionAnchorContainer\" data-start=\"271\" data-end=\"541\">A <strong data-start=\"273\" data-end=\"299\">COMUTRAN de Itapetinga<\/strong> vem ocupando papel cada vez mais relevante na gest\u00e3o do prefeito <strong data-start=\"365\" data-end=\"382\">Eduardo Hagge<\/strong>, consolidando-se como um dos \u00f3rg\u00e3os estrat\u00e9gicos da administra\u00e7\u00e3o municipal nas \u00e1reas de mobilidade, organiza\u00e7\u00e3o vi\u00e1ria, fiscaliza\u00e7\u00e3o e seguran\u00e7a no tr\u00e2nsito.<\/p>\n<p data-start=\"543\" data-end=\"919\">Mais um passo importante desse trabalho foi registrado com a visita da equipe do <strong data-start=\"624\" data-end=\"637\">CETRAN-BA<\/strong>, recebida pelo coordenador <strong data-start=\"665\" data-end=\"681\">Reinan Gusm\u00e3o<\/strong> e pelos profissionais da COMUTRAN para a realiza\u00e7\u00e3o de uma inspe\u00e7\u00e3o t\u00e9cnica no \u00f3rg\u00e3o. A avalia\u00e7\u00e3o busca verificar a conformidade da estrutura, dos procedimentos e das compet\u00eancias necess\u00e1rias \u00e0 integra\u00e7\u00e3o ao Sistema Nacional de Tr\u00e2nsito.<\/p>\n<p data-start=\"921\" data-end=\"1274\">A visita tamb\u00e9m evidencia o processo de organiza\u00e7\u00e3o e profissionaliza\u00e7\u00e3o que vem sendo desenvolvido pela COMUTRAN. Sob a coordena\u00e7\u00e3o de <strong data-start=\"1057\" data-end=\"1073\">Reinan Gusm\u00e3o<\/strong>, o \u00f3rg\u00e3o tem demonstrado compet\u00eancia, disposi\u00e7\u00e3o e energia para enfrentar os desafios de uma cidade que cresce e, consequentemente, exige cada vez mais planejamento e efici\u00eancia na gest\u00e3o do tr\u00e2nsito.<\/p>\n<p data-start=\"1276\" data-end=\"1513\">Na administra\u00e7\u00e3o <strong data-start=\"1293\" data-end=\"1310\">Eduardo Hagge<\/strong>, a COMUTRAN ganhou protagonismo e vem se tornando uma importante ferramenta para melhorar a log\u00edstica urbana, ordenar o tr\u00e1fego e ampliar a seguran\u00e7a de motoristas, motociclistas, ciclistas e pedestres.<\/p>\n<p data-start=\"1515\" data-end=\"1737\">O trabalho \u00e9 resultado de uma atua\u00e7\u00e3o coletiva. Por tr\u00e1s das a\u00e7\u00f5es realizadas diariamente nas ruas est\u00e1 uma equipe comprometida com a organiza\u00e7\u00e3o do tr\u00e2nsito e com a presta\u00e7\u00e3o de um servi\u00e7o p\u00fablico cada vez mais eficiente.<\/p>\n<p data-start=\"1739\" data-end=\"2064\"><strong data-start=\"1739\" data-end=\"1837\">A COMUTRAN representa, hoje, uma das marcas de inova\u00e7\u00e3o e organiza\u00e7\u00e3o da gest\u00e3o Eduardo Hagge.<\/strong> A inspe\u00e7\u00e3o do CETRAN-BA constitui mais uma etapa importante desse processo e refor\u00e7a que planejamento, responsabilidade e compet\u00eancia s\u00e3o fundamentais para preparar o tr\u00e2nsito de Itapetinga para os novos desafios do munic\u00edpio.<\/p>\n<p data-start=\"2066\" data-end=\"2187\" data-is-last-node=\"\" data-is-only-node=\"\"><strong data-start=\"2066\" data-end=\"2187\" data-is-last-node=\"\">Parab\u00e9ns ao coordenador Reinan Gusm\u00e3o e a toda a equipe da COMUTRAN pelo trabalho desenvolvido em favor de Itapetinga.<\/strong><\/p>\n<\/div>\n<\/div>\n<\/div>\n<\/div>\n<div class=\"z-0 flex min-h-[46px] justify-start\"><\/div>\n<\/div>\n<div class=\"[--thread-content-max-width:40rem] @w-lg\/main:[--thread-content-max-width:48rem] mx-auto max-w-(--thread-content-max-width) flex-1\" data-conversation-screenshot-content=\"\">\n<div><\/div>\n<\/div>\n<\/div>\n<\/section>\n<\/div>\n<\/div>\n<div class=\"pointer-events-none -mt-px h-px translate-y-(--scroll-root-safe-area-inset-bottom)\" aria-hidden=\"true\"><\/div>\n","protected":false},"excerpt":{"rendered":"<p>A COMUTRAN de Itapetinga vem ocupando papel cada vez mais relevante na gest\u00e3o do prefeito Eduardo Hagge, consolidando-se como um dos \u00f3rg\u00e3os estrat\u00e9gicos da administra\u00e7\u00e3o municipal nas \u00e1reas de mobilidade, organiza\u00e7\u00e3o vi\u00e1ria, fiscaliza\u00e7\u00e3o e seguran\u00e7a no tr\u00e2nsito. Mais um passo importante desse trabalho foi registrado com a visita da equipe do CETRAN-BA, recebida pelo coordenador &hellip;<\/p>\n","protected":false},"author":3,"featured_media":20111,"comment_status":"closed","ping_status":"closed","sticky":false,"template":"","format":"standard","meta":{"_links_to":"","_links_to_target":""},"categories":[1],"tags":[],"views":67,"_links":{"self":[{"href":"https:\/\/www.programapodcast.com.br\/v1\/wp-json\/wp\/v2\/posts\/20110"}],"collection":[{"href":"https:\/\/www.programapodcast.com.br\/v1\/wp-json\/wp\/v2\/posts"}],"about":[{"href":"https:\/\/www.programapodcast.com.br\/v1\/wp-json\/wp\/v2\/types\/post"}],"author":[{"embeddable":true,"href":"https:\/\/www.programapodcast.com.br\/v1\/wp-json\/wp\/v2\/users\/3"}],"replies":[{"embeddable":true,"href":"https:\/\/www.programapodcast.com.br\/v1\/wp-json\/wp\/v2\/comments?post=20110"}],"version-history":[{"count":1,"href":"https:\/\/www.programapodcast.com.br\/v1\/wp-json\/wp\/v2\/posts\/20110\/revisions"}],"predecessor-version":[{"id":20112,"href":"https:\/\/www.programapodcast.com.br\/v1\/wp-json\/wp\/v2\/posts\/20110\/revisions\/20112"}],"wp:featuredmedia":[{"embeddable":true,"href":"https:\/\/www.programapodcast.com.br\/v1\/wp-json\/wp\/v2\/media\/20111"}],"wp:attachment":[{"href":"https:\/\/www.programapodcast.com.br\/v1\/wp-json\/wp\/v2\/media?parent=20110"}],"wp:term":[{"taxonomy":"category","embeddable":true,"href":"https:\/\/www.programapodcast.com.br\/v1\/wp-json\/wp\/v2\/categories?post=20110"},{"taxonomy":"post_tag","embeddable":true,"href":"https:\/\/www.programapodcast.com.br\/v1\/wp-json\/wp\/v2\/tags?post=20110"}],"curies":[{"name":"wp","href":"https:\/\/api.w.org\/{rel}","templated":true}]}}