{"id":20107,"date":"2026-08-31T21:05:27","date_gmt":"2026-09-01T00:05:27","guid":{"rendered":"https:\/\/www.programapodcast.com.br\/v1\/?p=20107"},"modified":"2026-08-31T21:05:27","modified_gmt":"2026-09-01T00:05:27","slug":"dr-adwaldo-peixoto-conduz-grande-debate-sobre-etica-lideranca-e-assedio-eleitoral-em-vitoria-da-conquista","status":"publish","type":"post","link":"https:\/\/www.programapodcast.com.br\/v1\/2026\/08\/31\/dr-adwaldo-peixoto-conduz-grande-debate-sobre-etica-lideranca-e-assedio-eleitoral-em-vitoria-da-conquista\/","title":{"rendered":"Dr. Adwaldo Peixoto conduz grande debate sobre \u00e9tica, lideran\u00e7a e ass\u00e9dio eleitoral em Vit\u00f3ria da Conquista"},"content":{"rendered":"<p class=\"PDq2pG_selectionAnchorContainer\" data-start=\"281\" data-end=\"653\"><strong>Vit\u00f3ria da Conquista recebe, no pr\u00f3ximo dia 10 de setembro, um importante encontro voltado \u00e0 reflex\u00e3o sobre \u00e9tica, lideran\u00e7a e responsabilidade nas rela\u00e7\u00f5es de trabalho. A OAB \u2013 Subse\u00e7\u00e3o de Vit\u00f3ria da Conquista promove o evento \u201cEmpresa \u00c9tica \u2013 O papel da Lideran\u00e7a na Preven\u00e7\u00e3o ao Ass\u00e9dio Eleitoral\u201d, tendo como palestrante o advogado Dr. Adwaldo Peixoto.<\/strong><\/p>\n<p data-start=\"655\" data-end=\"925\"><strong>O debate ganha especial relev\u00e2ncia diante do per\u00edodo eleitoral, ao abordar os limites e as responsabilidades das lideran\u00e7as na constru\u00e7\u00e3o de ambientes profissionais pautados pelo respeito, pela \u00e9tica e pela preserva\u00e7\u00e3o da liberdade de escolha pol\u00edtica dos trabalhadores.<\/strong><\/p>\n<p data-start=\"927\" data-end=\"1342\"><strong>Dr. Adwaldo Peixoto se destaca no cen\u00e1rio jur\u00eddico de Vit\u00f3ria da Conquista e regi\u00e3o por sua s\u00f3lida trajet\u00f3ria profissional e acad\u00eamica. \u00c9 doutorando em Ci\u00eancia Pol\u00edtica pela UFMG, com est\u00e1gio de pesquisa na University of Notre Dame, nos Estados Unidos, e na Universidad de Concepci\u00f3n, no Chile. \u00c9 tamb\u00e9m mestre em Direito pela UniFG e possui MBA em Data Science and Analytics pela USP\/ESALQ.<\/strong><\/p>\n<p data-start=\"1344\" data-end=\"1532\"><strong>Sua forma\u00e7\u00e3o multidisciplinar amplia a compreens\u00e3o sobre temas que envolvem Direito, pol\u00edtica, sociedade e rela\u00e7\u00f5es de trabalho, conferindo ainda mais qualidade e profundidade \u00e0 discuss\u00e3o.<\/strong><\/p>\n<p data-start=\"1534\" data-end=\"1711\"><strong>O encontro ser\u00e1 realizado das 19h \u00e0s 21h, no Audit\u00f3rio da OAB de Vit\u00f3ria da Conquista, com inscri\u00e7\u00f5es gratuitas por meio do QR Code dispon\u00edvel no material de divulga\u00e7\u00e3o.<\/strong><\/p>\n<p data-start=\"1713\" data-end=\"2062\" data-is-last-node=\"\" data-is-only-node=\"\"><strong>A iniciativa re\u00fane OAB \u2013 Subse\u00e7\u00e3o Vit\u00f3ria da Conquista, ABRH-BA, Conecta RH e Comiss\u00e3o de Direito do Trabalho, proporcionando a empres\u00e1rios, gestores, profissionais de RH, advogados e demais lideran\u00e7as a oportunidade de participar de um debate qualificado, atual e necess\u00e1rio, conduzido pela experi\u00eancia e compet\u00eancia do Dr. Adwaldo Peixoto.<\/strong><\/p>\n","protected":false},"excerpt":{"rendered":"<p>Vit\u00f3ria da Conquista recebe, no pr\u00f3ximo dia 10 de setembro, um importante encontro voltado \u00e0 reflex\u00e3o sobre \u00e9tica, lideran\u00e7a e responsabilidade nas rela\u00e7\u00f5es de trabalho. A OAB \u2013 Subse\u00e7\u00e3o de Vit\u00f3ria da Conquista promove o evento \u201cEmpresa \u00c9tica \u2013 O papel da Lideran\u00e7a na Preven\u00e7\u00e3o ao Ass\u00e9dio Eleitoral\u201d, tendo como palestrante o advogado Dr. Adwaldo &hellip;<\/p>\n","protected":false},"author":3,"featured_media":20108,"comment_status":"closed","ping_status":"closed","sticky":false,"template":"","format":"standard","meta":{"_links_to":"","_links_to_target":""},"categories":[12],"tags":[],"views":24,"_links":{"self":[{"href":"https:\/\/www.programapodcast.com.br\/v1\/wp-json\/wp\/v2\/posts\/20107"}],"collection":[{"href":"https:\/\/www.programapodcast.com.br\/v1\/wp-json\/wp\/v2\/posts"}],"about":[{"href":"https:\/\/www.programapodcast.com.br\/v1\/wp-json\/wp\/v2\/types\/post"}],"author":[{"embeddable":true,"href":"https:\/\/www.programapodcast.com.br\/v1\/wp-json\/wp\/v2\/users\/3"}],"replies":[{"embeddable":true,"href":"https:\/\/www.programapodcast.com.br\/v1\/wp-json\/wp\/v2\/comments?post=20107"}],"version-history":[{"count":1,"href":"https:\/\/www.programapodcast.com.br\/v1\/wp-json\/wp\/v2\/posts\/20107\/revisions"}],"predecessor-version":[{"id":20109,"href":"https:\/\/www.programapodcast.com.br\/v1\/wp-json\/wp\/v2\/posts\/20107\/revisions\/20109"}],"wp:featuredmedia":[{"embeddable":true,"href":"https:\/\/www.programapodcast.com.br\/v1\/wp-json\/wp\/v2\/media\/20108"}],"wp:attachment":[{"href":"https:\/\/www.programapodcast.com.br\/v1\/wp-json\/wp\/v2\/media?parent=20107"}],"wp:term":[{"taxonomy":"category","embeddable":true,"href":"https:\/\/www.programapodcast.com.br\/v1\/wp-json\/wp\/v2\/categories?post=20107"},{"taxonomy":"post_tag","embeddable":true,"href":"https:\/\/www.programapodcast.com.br\/v1\/wp-json\/wp\/v2\/tags?post=20107"}],"curies":[{"name":"wp","href":"https:\/\/api.w.org\/{rel}","templated":true}]}}