{"id":20096,"date":"2026-08-31T11:16:56","date_gmt":"2026-08-31T14:16:56","guid":{"rendered":"https:\/\/www.programapodcast.com.br\/v1\/?p=20096"},"modified":"2026-08-31T11:25:54","modified_gmt":"2026-08-31T14:25:54","slug":"ii-seminario-em-comemoracao-ao-dia-do-profissional-de-educacao-fisica","status":"publish","type":"post","link":"https:\/\/www.programapodcast.com.br\/v1\/2026\/08\/31\/ii-seminario-em-comemoracao-ao-dia-do-profissional-de-educacao-fisica\/","title":{"rendered":"II SEMIN\u00c1RIO EM COMEMORA\u00c7\u00c3O AO DIA DO PROFISSIONAL DE EDUCA\u00c7\u00c3O F\u00cdSICA."},"content":{"rendered":"<h4 style=\"text-align: justify\">No pr\u00f3ximo dia 1\u00b0 de setembro a Prefeitura Municipal de Itapetinga atrav\u00e9s da Secretaria de Esporte, Lazer e Turismo, em parceria com as faculdades de Educa\u00e7\u00e3o f\u00edsica, estar\u00e1 comemorando o Dia do Profissional de Educa\u00e7\u00e3o F\u00edsica.<\/h4>\n<h4 style=\"text-align: justify\">O evento ser\u00e1 realizado no audit\u00f3rio da C\u00e2mara Municipal a partir das 18h30 e contar\u00e1 com a participa\u00e7\u00e3o de profissionais de v\u00e1rias \u00e1reas da sa\u00fade que se relacionam com a Educa\u00e7\u00e3o F\u00edsica, vem buscando uma melhor qualidade de vida da popula\u00e7\u00e3o.<\/h4>\n<h4 style=\"text-align: justify\">O semin\u00e1rio \u00e9 direcionado aos profissionais de Educa\u00e7\u00e3o F\u00edsica e aos graduandos, e dos diversos cursos da \u00e1rea sediados no munic\u00edpio e regi\u00e3o.<\/h4>\n<h4 style=\"text-align: justify\">Ser\u00e1 um tempo de muito conhecimento, intera\u00e7\u00e3o e valoriza\u00e7\u00e3o destes profissionais que \u00e9 imprescind\u00edvel para a melhora da sa\u00fade p\u00fablica em geral.<\/h4>\n<h4 style=\"text-align: center\">Link de Inscri\u00e7\u00e3o<br \/>\n<a href=\"https:\/\/suap.ifbaiano.edu.br\/eventos\/inscricao\/3430\/\">https:\/\/suap.ifbaiano.edu.br\/eventos\/inscricao\/3430\/<\/a><\/h4>\n<h4 style=\"text-align: center\">Aguardamos voc\u00eas!<\/h4>\n<div id='gallery-1' class='gallery galleryid-20096 gallery-columns-4 gallery-size-thumbnail'><figure class='gallery-item'>\n\t\t\t<div class='gallery-icon portrait'>\n\t\t\t\t<a href='https:\/\/www.programapodcast.com.br\/v1\/2026\/08\/31\/ii-seminario-em-comemoracao-ao-dia-do-profissional-de-educacao-fisica\/if-baiano\/'><img width=\"150\" height=\"150\" src=\"https:\/\/www.programapodcast.com.br\/v1\/wp-content\/uploads\/2026\/08\/IF-BAIANO-150x150.jpg\" class=\"attachment-thumbnail size-thumbnail\" alt=\"\" decoding=\"async\" loading=\"lazy\" \/><\/a>\n\t\t\t<\/div><\/figure><figure class='gallery-item'>\n\t\t\t<div class='gallery-icon portrait'>\n\t\t\t\t<a href='https:\/\/www.programapodcast.com.br\/v1\/2026\/08\/31\/ii-seminario-em-comemoracao-ao-dia-do-profissional-de-educacao-fisica\/if-baiano-04\/'><img width=\"150\" height=\"150\" src=\"https:\/\/www.programapodcast.com.br\/v1\/wp-content\/uploads\/2026\/08\/IF-BAIANO-04-150x150.jpg\" class=\"attachment-thumbnail size-thumbnail\" alt=\"\" decoding=\"async\" loading=\"lazy\" \/><\/a>\n\t\t\t<\/div><\/figure><figure class='gallery-item'>\n\t\t\t<div class='gallery-icon portrait'>\n\t\t\t\t<a href='https:\/\/www.programapodcast.com.br\/v1\/2026\/08\/31\/ii-seminario-em-comemoracao-ao-dia-do-profissional-de-educacao-fisica\/if-baiano-03\/'><img width=\"150\" height=\"150\" src=\"https:\/\/www.programapodcast.com.br\/v1\/wp-content\/uploads\/2026\/08\/IF-BAIANO-03-150x150.jpg\" class=\"attachment-thumbnail size-thumbnail\" alt=\"\" decoding=\"async\" loading=\"lazy\" \/><\/a>\n\t\t\t<\/div><\/figure><figure class='gallery-item'>\n\t\t\t<div class='gallery-icon portrait'>\n\t\t\t\t<a href='https:\/\/www.programapodcast.com.br\/v1\/2026\/08\/31\/ii-seminario-em-comemoracao-ao-dia-do-profissional-de-educacao-fisica\/if-baiano-02\/'><img width=\"150\" height=\"150\" src=\"https:\/\/www.programapodcast.com.br\/v1\/wp-content\/uploads\/2026\/08\/IF-BAIANO-02-150x150.jpg\" class=\"attachment-thumbnail size-thumbnail\" alt=\"\" decoding=\"async\" loading=\"lazy\" \/><\/a>\n\t\t\t<\/div><\/figure>\n\t\t<\/div>\n\n","protected":false},"excerpt":{"rendered":"<p>No pr\u00f3ximo dia 1\u00b0 de setembro a Prefeitura Municipal de Itapetinga atrav\u00e9s da Secretaria de Esporte, Lazer e Turismo, em parceria com as faculdades de Educa\u00e7\u00e3o f\u00edsica, estar\u00e1 comemorando o Dia do Profissional de Educa\u00e7\u00e3o F\u00edsica. O evento ser\u00e1 realizado no audit\u00f3rio da C\u00e2mara Municipal a partir das 18h30 e contar\u00e1 com a participa\u00e7\u00e3o de &hellip;<\/p>\n","protected":false},"author":3,"featured_media":20103,"comment_status":"closed","ping_status":"closed","sticky":false,"template":"","format":"standard","meta":{"_links_to":"","_links_to_target":""},"categories":[1],"tags":[],"views":13,"_links":{"self":[{"href":"https:\/\/www.programapodcast.com.br\/v1\/wp-json\/wp\/v2\/posts\/20096"}],"collection":[{"href":"https:\/\/www.programapodcast.com.br\/v1\/wp-json\/wp\/v2\/posts"}],"about":[{"href":"https:\/\/www.programapodcast.com.br\/v1\/wp-json\/wp\/v2\/types\/post"}],"author":[{"embeddable":true,"href":"https:\/\/www.programapodcast.com.br\/v1\/wp-json\/wp\/v2\/users\/3"}],"replies":[{"embeddable":true,"href":"https:\/\/www.programapodcast.com.br\/v1\/wp-json\/wp\/v2\/comments?post=20096"}],"version-history":[{"count":2,"href":"https:\/\/www.programapodcast.com.br\/v1\/wp-json\/wp\/v2\/posts\/20096\/revisions"}],"predecessor-version":[{"id":20102,"href":"https:\/\/www.programapodcast.com.br\/v1\/wp-json\/wp\/v2\/posts\/20096\/revisions\/20102"}],"wp:featuredmedia":[{"embeddable":true,"href":"https:\/\/www.programapodcast.com.br\/v1\/wp-json\/wp\/v2\/media\/20103"}],"wp:attachment":[{"href":"https:\/\/www.programapodcast.com.br\/v1\/wp-json\/wp\/v2\/media?parent=20096"}],"wp:term":[{"taxonomy":"category","embeddable":true,"href":"https:\/\/www.programapodcast.com.br\/v1\/wp-json\/wp\/v2\/categories?post=20096"},{"taxonomy":"post_tag","embeddable":true,"href":"https:\/\/www.programapodcast.com.br\/v1\/wp-json\/wp\/v2\/tags?post=20096"}],"curies":[{"name":"wp","href":"https:\/\/api.w.org\/{rel}","templated":true}]}}