{"id":20093,"date":"2026-08-30T19:59:50","date_gmt":"2026-08-30T22:59:50","guid":{"rendered":"https:\/\/www.programapodcast.com.br\/v1\/?p=20093"},"modified":"2026-08-30T19:59:50","modified_gmt":"2026-08-30T22:59:50","slug":"ao-lado-de-presidente-do-pdt-na-bahia-jeronimo-rodrigues-destaca-acoes-na-saude-em-caetite","status":"publish","type":"post","link":"https:\/\/www.programapodcast.com.br\/v1\/2026\/08\/30\/ao-lado-de-presidente-do-pdt-na-bahia-jeronimo-rodrigues-destaca-acoes-na-saude-em-caetite\/","title":{"rendered":"Ao lado de presidente do PDT na Bahia, Jer\u00f4nimo Rodrigues destaca a\u00e7\u00f5es na sa\u00fade em Caetit\u00e9"},"content":{"rendered":"<div class=\"qMYqUG_convSearchResultHighlightRoot\">\n<div class=\"\" data-turn-id-container=\"request-6a9181d1-4a60-83e9-b9d3-8393c7b9cf9d-1\" data-is-intersecting=\"true\">\n<section class=\"text-token-text-primary w-full focus:outline-none has-data-writing-block:pointer-events-none [&amp;:has([data-writing-block])&gt;*]:pointer-events-auto R6Vx5W_threadScrollVars scroll-mb-[calc(var(--scroll-root-safe-area-inset-bottom,0px)+var(--thread-response-height))] scroll-mt-[calc(var(--header-height)+min(200px,max(70px,20svh)))]\" dir=\"auto\" data-turn-id=\"request-6a9181d1-4a60-83e9-b9d3-8393c7b9cf9d-1\" data-turn-id-container=\"request-6a9181d1-4a60-83e9-b9d3-8393c7b9cf9d-1\" data-testid=\"conversation-turn-8\" data-turn=\"assistant\">\n<div class=\"text-base my-auto mx-auto pb-8 [--thread-content-margin:var(--thread-content-margin-xs,calc(var(--spacing)*4))] @w-sm\/main:[--thread-content-margin:var(--thread-content-margin-sm,calc(var(--spacing)*6))] @w-lg\/main:[--thread-content-margin:var(--thread-content-margin-lg,calc(var(--spacing)*16))] px-(--thread-content-margin)\">\n<div class=\"[--thread-content-max-width:40rem] @w-lg\/main:[--thread-content-max-width:48rem] mx-auto max-w-(--thread-content-max-width) flex-1 group\/turn-messages focus-visible:outline-hidden relative flex w-full min-w-0 flex-col agent-turn\" data-conversation-screenshot-content=\"\">\n<div class=\"flex max-w-full flex-col gap-4 grow\">\n<div class=\"min-h-8 text-message relative flex w-full flex-col items-end gap-2 text-start break-words whitespace-normal outline-none keyboard-focused:focus-ring [.text-message+&amp;]:mt-1\" dir=\"auto\" data-message-author-role=\"assistant\" data-message-id=\"e6e48824-b682-461d-baa5-bb84fe3c0c7c\" data-message-model-slug=\"gpt-5-6\" data-turn-start-message=\"true\">\n<div class=\"flex w-full flex-col gap-1 empty:hidden\">\n<div class=\"markdown prose dark:prose-invert wrap-break-word w-full light markdown-new-styling\">\n<p class=\"PDq2pG_selectionAnchorContainer\" data-start=\"494\" data-end=\"843\">O governador e candidato \u00e0 reelei\u00e7\u00e3o Jer\u00f4nimo Rodrigues (PT) cumpriu, no fim da tarde deste s\u00e1bado (29), uma importante agenda pol\u00edtica em Caetit\u00e9, no sudoeste da Bahia. Ao lado do deputado federal e presidente estadual do PDT, F\u00e9lix Mendon\u00e7a J\u00fanior, Jer\u00f4nimo percorreu as ruas da cidade em uma carreata que reuniu lideran\u00e7as pol\u00edticas e apoiadores.<\/p>\n<p data-start=\"845\" data-end=\"1186\">O ato contou ainda com a presen\u00e7a dos integrantes da chapa majorit\u00e1ria, o senador Jaques Wagner (PT) e o ex-ministro Rui Costa (PT), candidatos ao Senado, al\u00e9m do prefeito de Caetit\u00e9, Valt\u00e9cio Aguiar (PDT), da presidente da Assembleia Legislativa da Bahia, deputada Ivana Bastos (PSD), e de outras importantes lideran\u00e7as pol\u00edticas da regi\u00e3o.<\/p>\n<p data-start=\"1188\" data-end=\"1535\">A participa\u00e7\u00e3o de F\u00e9lix Mendon\u00e7a J\u00fanior refor\u00e7ou a presen\u00e7a do PDT na constru\u00e7\u00e3o pol\u00edtica em torno da candidatura de Jer\u00f4nimo. Presidente estadual da legenda e deputado federal, F\u00e9lix tem defendido a continuidade da parceria com o Governo do Estado como instrumento para ampliar investimentos e fortalecer o desenvolvimento dos munic\u00edpios baianos.<\/p>\n<p data-start=\"1537\" data-end=\"1914\">Durante a passagem por Caetit\u00e9, Jer\u00f4nimo ressaltou especialmente os investimentos destinados \u00e0 sa\u00fade p\u00fablica regional. Entre as principais iniciativas, destacou a implanta\u00e7\u00e3o do Hospital Estadual de Oncologia Alto Sert\u00e3o, estrutura que aproximou o tratamento contra o c\u00e2ncer da popula\u00e7\u00e3o de 23 munic\u00edpios e ampliou o acesso a servi\u00e7os de alta complexidade no interior da Bahia.<\/p>\n<p data-start=\"1916\" data-end=\"2232\">\u201cSalvar vidas, curar quem tem c\u00e2ncer, e perto de casa. O tratamento de c\u00e2ncer \u00e9 muito pesado. As pessoas tinham que viajar muito longe para receber um tratamento de quimio. Agora essa parceria aqui deu certo, o Lula foi a marca mais forte\u201d, afirmou Jer\u00f4nimo, que tamb\u00e9m agradeceu o apoio do prefeito Valt\u00e9cio Aguiar.<\/p>\n<p data-start=\"2234\" data-end=\"2539\">Ao lado do governador, F\u00e9lix Mendon\u00e7a J\u00fanior ressaltou os resultados alcan\u00e7ados em Caetit\u00e9 e demonstrou confian\u00e7a no desempenho eleitoral de Jer\u00f4nimo. Para o presidente estadual do PDT, a receptividade encontrada no munic\u00edpio e em outras regi\u00f5es da Bahia sinaliza a consolida\u00e7\u00e3o da candidatura governista.<\/p>\n<p data-start=\"2541\" data-end=\"2828\">\u201cPelo que sentimos aqui e em outros munic\u00edpios da Bahia j\u00e1 sabemos, governador, que a sua vit\u00f3ria ser\u00e1 no primeiro turno. Em Caetit\u00e9, o senhor tem feito muito, sobretudo pela \u00e1rea da sa\u00fade. Pode ter certeza que seguiremos juntos pelo desenvolvimento das cidades baianas\u201d, declarou F\u00e9lix.<\/p>\n<p data-start=\"2830\" data-end=\"3251\">A agenda tamb\u00e9m evidenciou a articula\u00e7\u00e3o pol\u00edtica de F\u00e9lix Mendon\u00e7a J\u00fanior e do PDT no interior do estado, especialmente em munic\u00edpios onde a legenda mant\u00e9m importantes lideran\u00e7as. Em Caetit\u00e9, a presen\u00e7a do prefeito Valt\u00e9cio Aguiar ao lado de F\u00e9lix e Jer\u00f4nimo simbolizou a converg\u00eancia entre as for\u00e7as municipais e estaduais em torno de uma agenda voltada para investimentos, servi\u00e7os p\u00fablicos e desenvolvimento regional.<\/p>\n<p data-start=\"3253\" data-end=\"3482\" data-is-last-node=\"\" data-is-only-node=\"\">Antes de chegar a Caetit\u00e9, Jer\u00f4nimo Rodrigues passou pelos munic\u00edpios de Rio do Ant\u00f4nio, Cacul\u00e9 e Ibiassuc\u00ea, dando sequ\u00eancia \u00e0 agenda pelo sudoeste baiano. \u00c0 noite, a programa\u00e7\u00e3o segue em Guanambi, com a realiza\u00e7\u00e3o de um com\u00edcio.<\/p>\n<\/div>\n<\/div>\n<\/div>\n<\/div>\n<div class=\"z-0 flex min-h-[46px] justify-start\"><\/div>\n<div class=\"mt-3 w-full empty:hidden has-[&gt;_:empty]:hidden\">\n<div class=\"text-center\"><\/div>\n<\/div>\n<\/div>\n<div class=\"[--thread-content-max-width:40rem] @w-lg\/main:[--thread-content-max-width:48rem] mx-auto max-w-(--thread-content-max-width) flex-1\" data-conversation-screenshot-content=\"\">\n<div><\/div>\n<\/div>\n<\/div>\n<\/section>\n<\/div>\n<\/div>\n<div class=\"pointer-events-none -mt-px h-px translate-y-(--scroll-root-safe-area-inset-bottom)\" aria-hidden=\"true\"><\/div>\n","protected":false},"excerpt":{"rendered":"<p>O governador e candidato \u00e0 reelei\u00e7\u00e3o Jer\u00f4nimo Rodrigues (PT) cumpriu, no fim da tarde deste s\u00e1bado (29), uma importante agenda pol\u00edtica em Caetit\u00e9, no sudoeste da Bahia. Ao lado do deputado federal e presidente estadual do PDT, F\u00e9lix Mendon\u00e7a J\u00fanior, Jer\u00f4nimo percorreu as ruas da cidade em uma carreata que reuniu lideran\u00e7as pol\u00edticas e apoiadores. &hellip;<\/p>\n","protected":false},"author":3,"featured_media":20094,"comment_status":"closed","ping_status":"closed","sticky":false,"template":"","format":"standard","meta":{"_links_to":"","_links_to_target":""},"categories":[12],"tags":[],"views":15,"_links":{"self":[{"href":"https:\/\/www.programapodcast.com.br\/v1\/wp-json\/wp\/v2\/posts\/20093"}],"collection":[{"href":"https:\/\/www.programapodcast.com.br\/v1\/wp-json\/wp\/v2\/posts"}],"about":[{"href":"https:\/\/www.programapodcast.com.br\/v1\/wp-json\/wp\/v2\/types\/post"}],"author":[{"embeddable":true,"href":"https:\/\/www.programapodcast.com.br\/v1\/wp-json\/wp\/v2\/users\/3"}],"replies":[{"embeddable":true,"href":"https:\/\/www.programapodcast.com.br\/v1\/wp-json\/wp\/v2\/comments?post=20093"}],"version-history":[{"count":1,"href":"https:\/\/www.programapodcast.com.br\/v1\/wp-json\/wp\/v2\/posts\/20093\/revisions"}],"predecessor-version":[{"id":20095,"href":"https:\/\/www.programapodcast.com.br\/v1\/wp-json\/wp\/v2\/posts\/20093\/revisions\/20095"}],"wp:featuredmedia":[{"embeddable":true,"href":"https:\/\/www.programapodcast.com.br\/v1\/wp-json\/wp\/v2\/media\/20094"}],"wp:attachment":[{"href":"https:\/\/www.programapodcast.com.br\/v1\/wp-json\/wp\/v2\/media?parent=20093"}],"wp:term":[{"taxonomy":"category","embeddable":true,"href":"https:\/\/www.programapodcast.com.br\/v1\/wp-json\/wp\/v2\/categories?post=20093"},{"taxonomy":"post_tag","embeddable":true,"href":"https:\/\/www.programapodcast.com.br\/v1\/wp-json\/wp\/v2\/tags?post=20093"}],"curies":[{"name":"wp","href":"https:\/\/api.w.org\/{rel}","templated":true}]}}