{"id":1993,"date":"2021-11-03T15:40:29","date_gmt":"2021-11-03T18:40:29","guid":{"rendered":"https:\/\/www.programapodcast.com.br\/v1\/?p=1993"},"modified":"2021-11-03T15:42:50","modified_gmt":"2021-11-03T18:42:50","slug":"lider-do-mst-recorrera-aos-orixas-e-entrar-com-tudo-na-campanha-de-lula-em-2022","status":"publish","type":"post","link":"https:\/\/www.programapodcast.com.br\/v1\/2021\/11\/03\/lider-do-mst-recorrera-aos-orixas-e-entrar-com-tudo-na-campanha-de-lula-em-2022\/","title":{"rendered":"L\u00edder do MST recorrer\u00e1 aos orix\u00e1s e entrar\u00e1 com tudo na campanha de Lula em 2022"},"content":{"rendered":"<blockquote>\n<p style=\"padding-left: 60px;\">O economista Jo\u00e3o Pedro Stedile, fundador e membro da dire\u00e7\u00e3o nacional do MST (Movimento dos Trabalhadores Rurais Sem-Terra), disse em entrevista ao Poder360 que o movimento dever\u00e1 entrar de cabe\u00e7a na campanha de Lula (PT) \u00e0 Presid\u00eancia da Rep\u00fablica em 2022. \u201cCom todas as nossas for\u00e7as! E vamos rezar para todos os santos, acender vela para todos os orix\u00e1s, tudo o que tu pode imaginar n\u00f3s vamos colocar para poder fazer com que o povo se engaje. N\u00e3o \u00e9 [s\u00f3] o programa do MST. O MST vai utilizar sua experi\u00eancia para ajudar a organizar o povo para eleger o Lula.\u201d<\/p>\n<\/blockquote>\n<p>O l\u00edder do MST avalia que a correla\u00e7\u00e3o de for\u00e7as se tornou mais favor\u00e1vel em 2022 para a volta dos movimentos de massa. O movimento anunciou na semana passada a retomada das ocupa\u00e7\u00f5es de terra, que haviam sido deixadas de lado sob Bolsonaro. Ele diz que, no entanto, as ocupa\u00e7\u00f5es ainda s\u00e3o pontuais. Stedile reconhece que \u201cfaltou pov\u00e3o\u201d nas manifesta\u00e7\u00f5es da campanha \u201cFora Bolsonaro\u201d e se diz c\u00e9tico em rela\u00e7\u00e3o \u00e0 participa\u00e7\u00e3o em massa nos pr\u00f3ximos atos. Os mais pr\u00f3ximos s\u00e3o os de 20 de novembro.<\/p>\n","protected":false},"excerpt":{"rendered":"<p>O economista Jo\u00e3o Pedro Stedile, fundador e membro da dire\u00e7\u00e3o nacional do MST (Movimento dos Trabalhadores Rurais Sem-Terra), disse em entrevista ao Poder360 que o movimento dever\u00e1 entrar de cabe\u00e7a na campanha de Lula (PT) \u00e0 Presid\u00eancia da Rep\u00fablica em 2022. \u201cCom todas as nossas for\u00e7as! E vamos rezar para todos os santos, acender vela &hellip;<\/p>\n","protected":false},"author":3,"featured_media":1994,"comment_status":"closed","ping_status":"closed","sticky":false,"template":"","format":"standard","meta":{"_links_to":"","_links_to_target":""},"categories":[1],"tags":[],"views":427,"_links":{"self":[{"href":"https:\/\/www.programapodcast.com.br\/v1\/wp-json\/wp\/v2\/posts\/1993"}],"collection":[{"href":"https:\/\/www.programapodcast.com.br\/v1\/wp-json\/wp\/v2\/posts"}],"about":[{"href":"https:\/\/www.programapodcast.com.br\/v1\/wp-json\/wp\/v2\/types\/post"}],"author":[{"embeddable":true,"href":"https:\/\/www.programapodcast.com.br\/v1\/wp-json\/wp\/v2\/users\/3"}],"replies":[{"embeddable":true,"href":"https:\/\/www.programapodcast.com.br\/v1\/wp-json\/wp\/v2\/comments?post=1993"}],"version-history":[{"count":3,"href":"https:\/\/www.programapodcast.com.br\/v1\/wp-json\/wp\/v2\/posts\/1993\/revisions"}],"predecessor-version":[{"id":1999,"href":"https:\/\/www.programapodcast.com.br\/v1\/wp-json\/wp\/v2\/posts\/1993\/revisions\/1999"}],"wp:featuredmedia":[{"embeddable":true,"href":"https:\/\/www.programapodcast.com.br\/v1\/wp-json\/wp\/v2\/media\/1994"}],"wp:attachment":[{"href":"https:\/\/www.programapodcast.com.br\/v1\/wp-json\/wp\/v2\/media?parent=1993"}],"wp:term":[{"taxonomy":"category","embeddable":true,"href":"https:\/\/www.programapodcast.com.br\/v1\/wp-json\/wp\/v2\/categories?post=1993"},{"taxonomy":"post_tag","embeddable":true,"href":"https:\/\/www.programapodcast.com.br\/v1\/wp-json\/wp\/v2\/tags?post=1993"}],"curies":[{"name":"wp","href":"https:\/\/api.w.org\/{rel}","templated":true}]}}