{"id":19253,"date":"2026-05-01T10:53:27","date_gmt":"2026-05-01T13:53:27","guid":{"rendered":"https:\/\/www.programapodcast.com.br\/v1\/?p=19253"},"modified":"2026-05-01T11:42:43","modified_gmt":"2026-05-01T14:42:43","slug":"em-itapetinga-lidera-geracao-de-empregos-na-bahia-e-reforca-protagonismo-economico-em-2026","status":"publish","type":"post","link":"https:\/\/www.programapodcast.com.br\/v1\/2026\/05\/01\/em-itapetinga-lidera-geracao-de-empregos-na-bahia-e-reforca-protagonismo-economico-em-2026\/","title":{"rendered":"ITAPETINGA LIDERA GERA\u00c7\u00c3O DE EMPREGOS NA BAHIA E REFOR\u00c7A PROTAGONISMO ECON\u00d4MICO EM 2026"},"content":{"rendered":"<p class=\"western\" align=\"justify\"><span style=\"font-family: Tahoma\"><span style=\"font-size: large\"><span style=\"color: #000000\">Os dados mais recentes do CAGED, referentes ao primeiro trimestre de 2026, colocam Itapetinga novamente no topo da cria\u00e7\u00e3o de empregos formais na Bahia. Com saldo positivo de 432 vagas (vide quadro abaixo), o munic\u00edpio se consolida como uma das principais locomotivas da economia baiana, repetindo o desempenho consistente observado ao longo de 2025.<\/span><\/span><\/span><\/p>\n<p class=\"western\" align=\"justify\"><span style=\"font-family: Tahoma\"><span style=\"font-size: large\"><span style=\"color: #000000\">O resultado evidencia a for\u00e7a, a pujan\u00e7a e a robustez do mercado de trabalho local, que segue atraindo investimentos e ampliando oportunidades. Mais do que n\u00fameros, o desempenho de Itapetinga reflete um ambiente econ\u00f4mico favor\u00e1vel, com pol\u00edticas p\u00fablicas voltadas \u00e0 gera\u00e7\u00e3o de emprego e renda e \u00e0 valoriza\u00e7\u00e3o do setor produtivo.<\/span><\/span><\/span><\/p>\n<p class=\"western\" align=\"justify\"><span style=\"font-family: Tahoma\"><span style=\"font-size: large\"><span style=\"color: #000000\">A gest\u00e3o do prefeito Eduardo Hagge tem priorizado a\u00e7\u00f5es estrat\u00e9gicas que estimulam o crescimento sustent\u00e1vel, fortalecendo o munic\u00edpio como um polo regional. Em parceria com o Governo do Estado, sob a lideran\u00e7a do governador Jer\u00f4nimo Rodrigues, os avan\u00e7os t\u00eam se traduzido em resultados concretos para a popula\u00e7\u00e3o.<\/span><\/span><\/span><\/p>\n<p class=\"western\" align=\"justify\"><span style=\"font-family: Tahoma\"><span style=\"font-size: large\"><span style=\"color: #000000\">O dinamismo econ\u00f4mico \u00e9 impulsionado por importantes setores, com destaque para a ind\u00fastria e o com\u00e9rcio. Empresas como a Vulcabras, a JBS e o Frigor\u00edfico Sudoeste t\u00eam papel fundamental nesse cen\u00e1rio, contribuindo diretamente para a gera\u00e7\u00e3o de empregos. No com\u00e9rcio, a atua\u00e7\u00e3o da CDL, sob a presid\u00eancia de Oniel Brand\u00e3o, refor\u00e7a o ambiente positivo e a confian\u00e7a do empresariado local.<\/span><\/span><\/span><\/p>\n<p class=\"western\" align=\"justify\"><span style=\"font-family: Tahoma\"><span style=\"font-size: large\"><span style=\"color: #000000\">Outro fator que impulsiona a economia s\u00e3o os grandes eventos culturais e agropecu\u00e1rios. A tradicional 54\u00aa Exposi\u00e7\u00e3o e o S\u00e3o Jo\u00e3o, que se aproximam, representam importantes motores de gera\u00e7\u00e3o de renda, movimentando diversos setores e fortalecendo o turismo regional.<\/span><\/span><\/span><\/p>\n<p class=\"western\" align=\"justify\"><span style=\"font-family: Tahoma\"><span style=\"font-size: large\"><span style=\"color: #000000\">O cen\u00e1rio atual j\u00e1 aponta, inclusive, para um novo desafio: a crescente demanda por m\u00e3o de obra, reflexo direto do aquecimento econ\u00f4mico. Isso demonstra que Itapetinga n\u00e3o apenas cresce, mas avan\u00e7a de forma estruturada, criando oportunidades e elevando a qualidade de vida da popula\u00e7\u00e3o.<\/span><\/span><\/span><\/p>\n<p class=\"western\" align=\"justify\"><span style=\"font-family: Tahoma\"><span style=\"font-size: large\"><span style=\"color: #000000\">Neste Dia do Trabalhador, os n\u00fameros ganham ainda mais significado. Eles representam dignidade, inclus\u00e3o e perspectiva para centenas de fam\u00edlias. Itapetinga segue no caminho certo, consolidando-se como vitrine regional e exemplo de desenvolvimento, efici\u00eancia e compromisso com o futuro.<br \/>\n<span style=\"color: #ffffff\">www.programapodcast.com.br<\/span><br \/>\n<img decoding=\"async\" loading=\"lazy\" class=\"wp-image-19259 aligncenter\" src=\"https:\/\/www.programapodcast.com.br\/v1\/wp-content\/uploads\/2026\/05\/Capa-pc-300x191.jpg\" alt=\"\" width=\"768\" height=\"489\" srcset=\"https:\/\/www.programapodcast.com.br\/v1\/wp-content\/uploads\/2026\/05\/Capa-pc-300x191.jpg 300w, https:\/\/www.programapodcast.com.br\/v1\/wp-content\/uploads\/2026\/05\/Capa-pc.jpg 357w\" sizes=\"(max-width: 768px) 100vw, 768px\" \/><br \/>\n<\/span><\/span><\/span><\/p>\n","protected":false},"excerpt":{"rendered":"<p>Os dados mais recentes do CAGED, referentes ao primeiro trimestre de 2026, colocam Itapetinga novamente no topo da cria\u00e7\u00e3o de empregos formais na Bahia. Com saldo positivo de 432 vagas (vide quadro abaixo), o munic\u00edpio se consolida como uma das principais locomotivas da economia baiana, repetindo o desempenho consistente observado ao longo de 2025. O &hellip;<\/p>\n","protected":false},"author":3,"featured_media":19259,"comment_status":"closed","ping_status":"closed","sticky":false,"template":"","format":"standard","meta":{"_links_to":"","_links_to_target":""},"categories":[17],"tags":[],"views":13,"_links":{"self":[{"href":"https:\/\/www.programapodcast.com.br\/v1\/wp-json\/wp\/v2\/posts\/19253"}],"collection":[{"href":"https:\/\/www.programapodcast.com.br\/v1\/wp-json\/wp\/v2\/posts"}],"about":[{"href":"https:\/\/www.programapodcast.com.br\/v1\/wp-json\/wp\/v2\/types\/post"}],"author":[{"embeddable":true,"href":"https:\/\/www.programapodcast.com.br\/v1\/wp-json\/wp\/v2\/users\/3"}],"replies":[{"embeddable":true,"href":"https:\/\/www.programapodcast.com.br\/v1\/wp-json\/wp\/v2\/comments?post=19253"}],"version-history":[{"count":5,"href":"https:\/\/www.programapodcast.com.br\/v1\/wp-json\/wp\/v2\/posts\/19253\/revisions"}],"predecessor-version":[{"id":19261,"href":"https:\/\/www.programapodcast.com.br\/v1\/wp-json\/wp\/v2\/posts\/19253\/revisions\/19261"}],"wp:featuredmedia":[{"embeddable":true,"href":"https:\/\/www.programapodcast.com.br\/v1\/wp-json\/wp\/v2\/media\/19259"}],"wp:attachment":[{"href":"https:\/\/www.programapodcast.com.br\/v1\/wp-json\/wp\/v2\/media?parent=19253"}],"wp:term":[{"taxonomy":"category","embeddable":true,"href":"https:\/\/www.programapodcast.com.br\/v1\/wp-json\/wp\/v2\/categories?post=19253"},{"taxonomy":"post_tag","embeddable":true,"href":"https:\/\/www.programapodcast.com.br\/v1\/wp-json\/wp\/v2\/tags?post=19253"}],"curies":[{"name":"wp","href":"https:\/\/api.w.org\/{rel}","templated":true}]}}