{"id":19211,"date":"2026-04-30T23:12:50","date_gmt":"2026-05-01T02:12:50","guid":{"rendered":"https:\/\/www.programapodcast.com.br\/v1\/?p=19211"},"modified":"2026-04-30T23:44:23","modified_gmt":"2026-05-01T02:44:23","slug":"gigante-do-setor-de-acabamentos-chega-a-itapetinga-decor-colors-inaugura-novo-padrao-em-inovacao-estilo-e-protecao-para-imoveis","status":"publish","type":"post","link":"https:\/\/www.programapodcast.com.br\/v1\/2026\/04\/30\/gigante-do-setor-de-acabamentos-chega-a-itapetinga-decor-colors-inaugura-novo-padrao-em-inovacao-estilo-e-protecao-para-imoveis\/","title":{"rendered":"Gigante do setor de acabamentos chega a Itapetinga: Decor Colors inaugura novo padr\u00e3o em inova\u00e7\u00e3o, estilo e prote\u00e7\u00e3o para im\u00f3veis"},"content":{"rendered":"<h4 style=\"text-align: justify\" data-start=\"98\" data-end=\"513\">Itapetinga passa a contar com um novo conceito em acabamentos e prote\u00e7\u00e3o para im\u00f3veis com a chegada da <strong data-start=\"201\" data-end=\"217\">Decor Colors<\/strong>, que foi apresentada ao p\u00fablico em uma elegante pr\u00e9-inaugura\u00e7\u00e3o realizada na noite desta quinta-feira, 30. O empreendimento, liderado pelo empres\u00e1rio vision\u00e1rio <strong data-start=\"379\" data-end=\"396\">Oniel Brand\u00e3o<\/strong>, promete transformar a forma como moradores e profissionais da constru\u00e7\u00e3o civil encaram pintura e impermeabiliza\u00e7\u00e3o.<\/h4>\n<h4 style=\"text-align: justify\" data-start=\"515\" data-end=\"863\">A proposta da Decor Colors vai al\u00e9m da est\u00e9tica. A marca traz solu\u00e7\u00f5es modernas e pr\u00e1ticas que eliminam problemas comuns como umidade e infiltra\u00e7\u00f5es, sem a necessidade de grandes reformas. Entre os destaques est\u00e3o produtos como <strong data-start=\"743\" data-end=\"803\">borracha l\u00edquida, tinta multilimp\u00e1vel e cimento queimado<\/strong>, desenvolvidos para unir beleza, durabilidade e efici\u00eancia.<\/h4>\n<h4 style=\"text-align: justify\" data-start=\"865\" data-end=\"1286\">O evento reuniu importantes nomes da cidade, como o vice-prefeito <strong data-start=\"931\" data-end=\"948\">Al\u00e9cio Chaves<\/strong>, representando o prefeito Eduardo Hagge, al\u00e9m dos secret\u00e1rios <strong data-start=\"1011\" data-end=\"1031\">Geraldo Trindade<\/strong> (Governo) e <strong data-start=\"1044\" data-end=\"1063\">Luciano Almeida<\/strong> (Infraestrutura), o vereador e jornalista <strong data-start=\"1106\" data-end=\"1117\">Tarug\u00e3o<\/strong>, engenheiros, arquitetos, empres\u00e1rios locais, representantes da franquia, membros da <strong data-start=\"1203\" data-end=\"1248\">Loja Ma\u00e7\u00f4nica Amor e Uni\u00e3o Itapetinguense<\/strong>, imprensa e convidados da comunidade.<\/h4>\n<h4 style=\"text-align: justify\" data-start=\"1288\" data-end=\"1693\">A noite foi marcada por um ambiente acolhedor, com <strong data-start=\"1339\" data-end=\"1396\">m\u00fasica ao vivo ao som de voz e viol\u00e3o com Elves Souza<\/strong>, al\u00e9m de um coffee break que proporcionou momentos de integra\u00e7\u00e3o entre os presentes. O espa\u00e7o da loja foi apresentado como um verdadeiro <strong data-start=\"1534\" data-end=\"1546\">showroom<\/strong>, pensado para que o cliente se identifique com cada ambiente e visualize, na pr\u00e1tica, as possibilidades de transforma\u00e7\u00e3o de seus pr\u00f3prios espa\u00e7os.<\/h4>\n<h4 style=\"text-align: justify\" data-start=\"1695\" data-end=\"2161\">Durante a solenidade, Oniel Brand\u00e3o destacou o carinho pela cidade e o prop\u00f3sito do investimento: <strong data-start=\"1795\" data-end=\"2161\">\u201cItapetinga \u00e9 uma cidade que eu amo e acredito muito no seu potencial. A Decor Colors chega n\u00e3o s\u00f3 como uma loja, mas como uma oportunidade de levar inova\u00e7\u00e3o, gerar empregos e contribuir diretamente com o crescimento da nossa economia. Queremos ajudar as pessoas a realizarem o sonho de ter um ambiente bonito, moderno e protegido, de forma simples e acess\u00edvel.\u201d<\/strong><\/h4>\n<h4 style=\"text-align: justify\" data-start=\"2163\" data-end=\"2691\">Representando o Executivo Municipal, o vice-prefeito <strong data-start=\"2216\" data-end=\"2233\">Al\u00e9cio Chaves<\/strong> tamb\u00e9m ressaltou a import\u00e2ncia do empreendimento para o munic\u00edpio: <strong data-start=\"2303\" data-end=\"2691\">\u201c\u00c9 gratificante ver empres\u00e1rios como Oniel Brand\u00e3o acreditando em Itapetinga e investindo aqui com tanto carinho e vis\u00e3o. Esse tipo de iniciativa fortalece nossa economia, gera oportunidades e mostra que nossa cidade continua avan\u00e7ando. Oniel demonstra, na pr\u00e1tica, o amor que tem por Itapetinga ao trazer um projeto moderno e que agrega valor ao nosso com\u00e9rcio e \u00e0 constru\u00e7\u00e3o civil.\u201d<\/strong><\/h4>\n<h4 style=\"text-align: justify\" data-start=\"2693\" data-end=\"2904\">Com a inaugura\u00e7\u00e3o, a expectativa \u00e9 que a Decor Colors se torne refer\u00eancia regional, atendendo tanto o p\u00fablico residencial quanto profissionais da constru\u00e7\u00e3o civil que buscam solu\u00e7\u00f5es eficientes e de alto padr\u00e3o.<\/h4>\n<h4 style=\"text-align: justify\" data-start=\"2906\" data-end=\"3053\">A chegada da marca refor\u00e7a o momento de desenvolvimento econ\u00f4mico da cidade, agregando tecnologia, inova\u00e7\u00e3o e novas oportunidades ao mercado local.<\/h4>\n<div id='gallery-1' class='gallery galleryid-19211 gallery-columns-5 gallery-size-thumbnail'><figure class='gallery-item'>\n\t\t\t<div class='gallery-icon landscape'>\n\t\t\t\t<a href='https:\/\/www.programapodcast.com.br\/v1\/2026\/04\/30\/gigante-do-setor-de-acabamentos-chega-a-itapetinga-decor-colors-inaugura-novo-padrao-em-inovacao-estilo-e-protecao-para-imoveis\/pre-inauguracao-da-decorcollors-dia-30-de-abril-de-2026-4\/'><img width=\"150\" height=\"150\" src=\"https:\/\/www.programapodcast.com.br\/v1\/wp-content\/uploads\/2026\/04\/PRE-INAUGURACAO-DA-DECORCOLLORS-DIA-30-DE-ABRIL-DE-2026-4-150x150.jpg\" class=\"attachment-thumbnail size-thumbnail\" alt=\"\" decoding=\"async\" loading=\"lazy\" \/><\/a>\n\t\t\t<\/div><\/figure><figure class='gallery-item'>\n\t\t\t<div class='gallery-icon landscape'>\n\t\t\t\t<a href='https:\/\/www.programapodcast.com.br\/v1\/2026\/04\/30\/gigante-do-setor-de-acabamentos-chega-a-itapetinga-decor-colors-inaugura-novo-padrao-em-inovacao-estilo-e-protecao-para-imoveis\/pre-inauguracao-da-decorcollors-dia-30-de-abril-de-2026-6\/'><img width=\"150\" height=\"150\" src=\"https:\/\/www.programapodcast.com.br\/v1\/wp-content\/uploads\/2026\/04\/PRE-INAUGURACAO-DA-DECORCOLLORS-DIA-30-DE-ABRIL-DE-2026-6-150x150.jpg\" class=\"attachment-thumbnail size-thumbnail\" alt=\"\" decoding=\"async\" loading=\"lazy\" \/><\/a>\n\t\t\t<\/div><\/figure><figure class='gallery-item'>\n\t\t\t<div class='gallery-icon landscape'>\n\t\t\t\t<a href='https:\/\/www.programapodcast.com.br\/v1\/2026\/04\/30\/gigante-do-setor-de-acabamentos-chega-a-itapetinga-decor-colors-inaugura-novo-padrao-em-inovacao-estilo-e-protecao-para-imoveis\/pre-inauguracao-da-decorcollors-dia-30-de-abril-de-2026-7\/'><img width=\"150\" height=\"150\" src=\"https:\/\/www.programapodcast.com.br\/v1\/wp-content\/uploads\/2026\/04\/PRE-INAUGURACAO-DA-DECORCOLLORS-DIA-30-DE-ABRIL-DE-2026-7-150x150.jpg\" class=\"attachment-thumbnail size-thumbnail\" alt=\"\" decoding=\"async\" loading=\"lazy\" \/><\/a>\n\t\t\t<\/div><\/figure><figure class='gallery-item'>\n\t\t\t<div class='gallery-icon landscape'>\n\t\t\t\t<a href='https:\/\/www.programapodcast.com.br\/v1\/2026\/04\/30\/gigante-do-setor-de-acabamentos-chega-a-itapetinga-decor-colors-inaugura-novo-padrao-em-inovacao-estilo-e-protecao-para-imoveis\/pre-inauguracao-da-decorcollors-dia-30-de-abril-de-2026-9\/'><img width=\"150\" height=\"150\" src=\"https:\/\/www.programapodcast.com.br\/v1\/wp-content\/uploads\/2026\/04\/PRE-INAUGURACAO-DA-DECORCOLLORS-DIA-30-DE-ABRIL-DE-2026-9-150x150.jpg\" class=\"attachment-thumbnail size-thumbnail\" alt=\"\" decoding=\"async\" loading=\"lazy\" \/><\/a>\n\t\t\t<\/div><\/figure><figure class='gallery-item'>\n\t\t\t<div class='gallery-icon landscape'>\n\t\t\t\t<a href='https:\/\/www.programapodcast.com.br\/v1\/2026\/04\/30\/gigante-do-setor-de-acabamentos-chega-a-itapetinga-decor-colors-inaugura-novo-padrao-em-inovacao-estilo-e-protecao-para-imoveis\/pre-inauguracao-da-decorcollors-dia-30-de-abril-de-2026-11\/'><img width=\"150\" height=\"150\" src=\"https:\/\/www.programapodcast.com.br\/v1\/wp-content\/uploads\/2026\/04\/PRE-INAUGURACAO-DA-DECORCOLLORS-DIA-30-DE-ABRIL-DE-2026-11-150x150.jpg\" class=\"attachment-thumbnail size-thumbnail\" alt=\"\" decoding=\"async\" loading=\"lazy\" \/><\/a>\n\t\t\t<\/div><\/figure><figure class='gallery-item'>\n\t\t\t<div class='gallery-icon landscape'>\n\t\t\t\t<a href='https:\/\/www.programapodcast.com.br\/v1\/2026\/04\/30\/gigante-do-setor-de-acabamentos-chega-a-itapetinga-decor-colors-inaugura-novo-padrao-em-inovacao-estilo-e-protecao-para-imoveis\/pre-inauguracao-da-decorcollors-dia-30-de-abril-de-2026-12\/'><img width=\"150\" height=\"150\" src=\"https:\/\/www.programapodcast.com.br\/v1\/wp-content\/uploads\/2026\/04\/PRE-INAUGURACAO-DA-DECORCOLLORS-DIA-30-DE-ABRIL-DE-2026-12-150x150.jpg\" class=\"attachment-thumbnail size-thumbnail\" alt=\"\" decoding=\"async\" loading=\"lazy\" \/><\/a>\n\t\t\t<\/div><\/figure><figure class='gallery-item'>\n\t\t\t<div class='gallery-icon landscape'>\n\t\t\t\t<a href='https:\/\/www.programapodcast.com.br\/v1\/2026\/04\/30\/gigante-do-setor-de-acabamentos-chega-a-itapetinga-decor-colors-inaugura-novo-padrao-em-inovacao-estilo-e-protecao-para-imoveis\/pre-inauguracao-da-decorcollors-dia-30-de-abril-de-2026-15\/'><img width=\"150\" height=\"150\" src=\"https:\/\/www.programapodcast.com.br\/v1\/wp-content\/uploads\/2026\/04\/PRE-INAUGURACAO-DA-DECORCOLLORS-DIA-30-DE-ABRIL-DE-2026-15-150x150.jpg\" class=\"attachment-thumbnail size-thumbnail\" alt=\"\" decoding=\"async\" loading=\"lazy\" \/><\/a>\n\t\t\t<\/div><\/figure><figure class='gallery-item'>\n\t\t\t<div class='gallery-icon landscape'>\n\t\t\t\t<a href='https:\/\/www.programapodcast.com.br\/v1\/2026\/04\/30\/gigante-do-setor-de-acabamentos-chega-a-itapetinga-decor-colors-inaugura-novo-padrao-em-inovacao-estilo-e-protecao-para-imoveis\/pre-inauguracao-da-decorcollors-dia-30-de-abril-de-2026-16\/'><img width=\"150\" height=\"150\" src=\"https:\/\/www.programapodcast.com.br\/v1\/wp-content\/uploads\/2026\/04\/PRE-INAUGURACAO-DA-DECORCOLLORS-DIA-30-DE-ABRIL-DE-2026-16-150x150.jpg\" class=\"attachment-thumbnail size-thumbnail\" alt=\"\" decoding=\"async\" loading=\"lazy\" \/><\/a>\n\t\t\t<\/div><\/figure><figure class='gallery-item'>\n\t\t\t<div class='gallery-icon landscape'>\n\t\t\t\t<a href='https:\/\/www.programapodcast.com.br\/v1\/2026\/04\/30\/gigante-do-setor-de-acabamentos-chega-a-itapetinga-decor-colors-inaugura-novo-padrao-em-inovacao-estilo-e-protecao-para-imoveis\/pre-inauguracao-da-decorcollors-dia-30-de-abril-de-2026-18\/'><img width=\"150\" height=\"150\" src=\"https:\/\/www.programapodcast.com.br\/v1\/wp-content\/uploads\/2026\/04\/PRE-INAUGURACAO-DA-DECORCOLLORS-DIA-30-DE-ABRIL-DE-2026-18-150x150.jpg\" class=\"attachment-thumbnail size-thumbnail\" alt=\"\" decoding=\"async\" loading=\"lazy\" \/><\/a>\n\t\t\t<\/div><\/figure><figure class='gallery-item'>\n\t\t\t<div class='gallery-icon landscape'>\n\t\t\t\t<a href='https:\/\/www.programapodcast.com.br\/v1\/2026\/04\/30\/gigante-do-setor-de-acabamentos-chega-a-itapetinga-decor-colors-inaugura-novo-padrao-em-inovacao-estilo-e-protecao-para-imoveis\/pre-inauguracao-da-decorcollors-dia-30-de-abril-de-2026-19\/'><img width=\"150\" height=\"150\" src=\"https:\/\/www.programapodcast.com.br\/v1\/wp-content\/uploads\/2026\/04\/PRE-INAUGURACAO-DA-DECORCOLLORS-DIA-30-DE-ABRIL-DE-2026-19-150x150.jpg\" class=\"attachment-thumbnail size-thumbnail\" alt=\"\" decoding=\"async\" loading=\"lazy\" \/><\/a>\n\t\t\t<\/div><\/figure><figure class='gallery-item'>\n\t\t\t<div class='gallery-icon portrait'>\n\t\t\t\t<a href='https:\/\/www.programapodcast.com.br\/v1\/2026\/04\/30\/gigante-do-setor-de-acabamentos-chega-a-itapetinga-decor-colors-inaugura-novo-padrao-em-inovacao-estilo-e-protecao-para-imoveis\/pre-inauguracao-da-decorcollors-dia-30-de-abril-de-2026-21\/'><img width=\"150\" height=\"150\" src=\"https:\/\/www.programapodcast.com.br\/v1\/wp-content\/uploads\/2026\/04\/PRE-INAUGURACAO-DA-DECORCOLLORS-DIA-30-DE-ABRIL-DE-2026-21-150x150.jpg\" class=\"attachment-thumbnail size-thumbnail\" alt=\"\" decoding=\"async\" loading=\"lazy\" \/><\/a>\n\t\t\t<\/div><\/figure><figure class='gallery-item'>\n\t\t\t<div class='gallery-icon landscape'>\n\t\t\t\t<a href='https:\/\/www.programapodcast.com.br\/v1\/2026\/04\/30\/gigante-do-setor-de-acabamentos-chega-a-itapetinga-decor-colors-inaugura-novo-padrao-em-inovacao-estilo-e-protecao-para-imoveis\/pre-inauguracao-da-decorcollors-dia-30-de-abril-de-2026-24\/'><img width=\"150\" height=\"150\" src=\"https:\/\/www.programapodcast.com.br\/v1\/wp-content\/uploads\/2026\/04\/PRE-INAUGURACAO-DA-DECORCOLLORS-DIA-30-DE-ABRIL-DE-2026-24-150x150.jpg\" class=\"attachment-thumbnail size-thumbnail\" alt=\"\" decoding=\"async\" loading=\"lazy\" \/><\/a>\n\t\t\t<\/div><\/figure><figure class='gallery-item'>\n\t\t\t<div class='gallery-icon portrait'>\n\t\t\t\t<a href='https:\/\/www.programapodcast.com.br\/v1\/2026\/04\/30\/gigante-do-setor-de-acabamentos-chega-a-itapetinga-decor-colors-inaugura-novo-padrao-em-inovacao-estilo-e-protecao-para-imoveis\/pre-inauguracao-da-decorcollors-dia-30-de-abril-de-2026-26\/'><img width=\"150\" height=\"150\" src=\"https:\/\/www.programapodcast.com.br\/v1\/wp-content\/uploads\/2026\/04\/PRE-INAUGURACAO-DA-DECORCOLLORS-DIA-30-DE-ABRIL-DE-2026-26-150x150.jpg\" class=\"attachment-thumbnail size-thumbnail\" alt=\"\" decoding=\"async\" loading=\"lazy\" \/><\/a>\n\t\t\t<\/div><\/figure><figure class='gallery-item'>\n\t\t\t<div class='gallery-icon portrait'>\n\t\t\t\t<a href='https:\/\/www.programapodcast.com.br\/v1\/2026\/04\/30\/gigante-do-setor-de-acabamentos-chega-a-itapetinga-decor-colors-inaugura-novo-padrao-em-inovacao-estilo-e-protecao-para-imoveis\/pre-inauguracao-da-decorcollors-dia-30-de-abril-de-2026-27\/'><img width=\"150\" height=\"150\" src=\"https:\/\/www.programapodcast.com.br\/v1\/wp-content\/uploads\/2026\/04\/PRE-INAUGURACAO-DA-DECORCOLLORS-DIA-30-DE-ABRIL-DE-2026-27-150x150.jpg\" class=\"attachment-thumbnail size-thumbnail\" alt=\"\" decoding=\"async\" loading=\"lazy\" \/><\/a>\n\t\t\t<\/div><\/figure><figure class='gallery-item'>\n\t\t\t<div class='gallery-icon portrait'>\n\t\t\t\t<a href='https:\/\/www.programapodcast.com.br\/v1\/2026\/04\/30\/gigante-do-setor-de-acabamentos-chega-a-itapetinga-decor-colors-inaugura-novo-padrao-em-inovacao-estilo-e-protecao-para-imoveis\/pre-inauguracao-da-decorcollors-dia-30-de-abril-de-2026-29\/'><img width=\"150\" height=\"150\" src=\"https:\/\/www.programapodcast.com.br\/v1\/wp-content\/uploads\/2026\/04\/PRE-INAUGURACAO-DA-DECORCOLLORS-DIA-30-DE-ABRIL-DE-2026-29-150x150.jpg\" class=\"attachment-thumbnail size-thumbnail\" alt=\"\" decoding=\"async\" loading=\"lazy\" \/><\/a>\n\t\t\t<\/div><\/figure><figure class='gallery-item'>\n\t\t\t<div class='gallery-icon portrait'>\n\t\t\t\t<a href='https:\/\/www.programapodcast.com.br\/v1\/2026\/04\/30\/gigante-do-setor-de-acabamentos-chega-a-itapetinga-decor-colors-inaugura-novo-padrao-em-inovacao-estilo-e-protecao-para-imoveis\/pre-inauguracao-da-decorcollors-dia-30-de-abril-de-2026-31\/'><img width=\"150\" height=\"150\" src=\"https:\/\/www.programapodcast.com.br\/v1\/wp-content\/uploads\/2026\/04\/PRE-INAUGURACAO-DA-DECORCOLLORS-DIA-30-DE-ABRIL-DE-2026-31-150x150.jpg\" class=\"attachment-thumbnail size-thumbnail\" alt=\"\" decoding=\"async\" loading=\"lazy\" \/><\/a>\n\t\t\t<\/div><\/figure><figure class='gallery-item'>\n\t\t\t<div class='gallery-icon portrait'>\n\t\t\t\t<a href='https:\/\/www.programapodcast.com.br\/v1\/2026\/04\/30\/gigante-do-setor-de-acabamentos-chega-a-itapetinga-decor-colors-inaugura-novo-padrao-em-inovacao-estilo-e-protecao-para-imoveis\/pre-inauguracao-da-decorcollors-dia-30-de-abril-de-2026-32\/'><img width=\"150\" height=\"150\" src=\"https:\/\/www.programapodcast.com.br\/v1\/wp-content\/uploads\/2026\/04\/PRE-INAUGURACAO-DA-DECORCOLLORS-DIA-30-DE-ABRIL-DE-2026-32-150x150.jpg\" class=\"attachment-thumbnail size-thumbnail\" alt=\"\" decoding=\"async\" loading=\"lazy\" \/><\/a>\n\t\t\t<\/div><\/figure><figure class='gallery-item'>\n\t\t\t<div class='gallery-icon portrait'>\n\t\t\t\t<a href='https:\/\/www.programapodcast.com.br\/v1\/2026\/04\/30\/gigante-do-setor-de-acabamentos-chega-a-itapetinga-decor-colors-inaugura-novo-padrao-em-inovacao-estilo-e-protecao-para-imoveis\/pre-inauguracao-da-decorcollors-dia-30-de-abril-de-2026-33\/'><img width=\"150\" height=\"150\" src=\"https:\/\/www.programapodcast.com.br\/v1\/wp-content\/uploads\/2026\/04\/PRE-INAUGURACAO-DA-DECORCOLLORS-DIA-30-DE-ABRIL-DE-2026-33-150x150.jpg\" class=\"attachment-thumbnail size-thumbnail\" alt=\"\" decoding=\"async\" loading=\"lazy\" \/><\/a>\n\t\t\t<\/div><\/figure><figure class='gallery-item'>\n\t\t\t<div class='gallery-icon landscape'>\n\t\t\t\t<a href='https:\/\/www.programapodcast.com.br\/v1\/2026\/04\/30\/gigante-do-setor-de-acabamentos-chega-a-itapetinga-decor-colors-inaugura-novo-padrao-em-inovacao-estilo-e-protecao-para-imoveis\/pre-inauguracao-da-decorcollors-dia-30-de-abril-de-2026-35\/'><img width=\"150\" height=\"150\" src=\"https:\/\/www.programapodcast.com.br\/v1\/wp-content\/uploads\/2026\/04\/PRE-INAUGURACAO-DA-DECORCOLLORS-DIA-30-DE-ABRIL-DE-2026-35-150x150.jpg\" class=\"attachment-thumbnail size-thumbnail\" alt=\"\" decoding=\"async\" loading=\"lazy\" \/><\/a>\n\t\t\t<\/div><\/figure><figure class='gallery-item'>\n\t\t\t<div class='gallery-icon portrait'>\n\t\t\t\t<a href='https:\/\/www.programapodcast.com.br\/v1\/2026\/04\/30\/gigante-do-setor-de-acabamentos-chega-a-itapetinga-decor-colors-inaugura-novo-padrao-em-inovacao-estilo-e-protecao-para-imoveis\/pre-inauguracao-da-decorcollors-dia-30-de-abril-de-2026-36\/'><img width=\"150\" height=\"150\" src=\"https:\/\/www.programapodcast.com.br\/v1\/wp-content\/uploads\/2026\/04\/PRE-INAUGURACAO-DA-DECORCOLLORS-DIA-30-DE-ABRIL-DE-2026-36-150x150.jpg\" class=\"attachment-thumbnail size-thumbnail\" alt=\"\" decoding=\"async\" loading=\"lazy\" \/><\/a>\n\t\t\t<\/div><\/figure><figure class='gallery-item'>\n\t\t\t<div class='gallery-icon portrait'>\n\t\t\t\t<a href='https:\/\/www.programapodcast.com.br\/v1\/2026\/04\/30\/gigante-do-setor-de-acabamentos-chega-a-itapetinga-decor-colors-inaugura-novo-padrao-em-inovacao-estilo-e-protecao-para-imoveis\/pre-inauguracao-da-decorcollors-dia-30-de-abril-de-2026-40\/'><img width=\"150\" height=\"150\" src=\"https:\/\/www.programapodcast.com.br\/v1\/wp-content\/uploads\/2026\/04\/PRE-INAUGURACAO-DA-DECORCOLLORS-DIA-30-DE-ABRIL-DE-2026-40-150x150.jpg\" class=\"attachment-thumbnail size-thumbnail\" alt=\"\" decoding=\"async\" loading=\"lazy\" \/><\/a>\n\t\t\t<\/div><\/figure><figure class='gallery-item'>\n\t\t\t<div class='gallery-icon portrait'>\n\t\t\t\t<a href='https:\/\/www.programapodcast.com.br\/v1\/2026\/04\/30\/gigante-do-setor-de-acabamentos-chega-a-itapetinga-decor-colors-inaugura-novo-padrao-em-inovacao-estilo-e-protecao-para-imoveis\/pre-inauguracao-da-decorcollors-dia-30-de-abril-de-2026-41\/'><img width=\"150\" height=\"150\" src=\"https:\/\/www.programapodcast.com.br\/v1\/wp-content\/uploads\/2026\/04\/PRE-INAUGURACAO-DA-DECORCOLLORS-DIA-30-DE-ABRIL-DE-2026-41-150x150.jpg\" class=\"attachment-thumbnail size-thumbnail\" alt=\"\" decoding=\"async\" loading=\"lazy\" \/><\/a>\n\t\t\t<\/div><\/figure><figure class='gallery-item'>\n\t\t\t<div class='gallery-icon portrait'>\n\t\t\t\t<a href='https:\/\/www.programapodcast.com.br\/v1\/2026\/04\/30\/gigante-do-setor-de-acabamentos-chega-a-itapetinga-decor-colors-inaugura-novo-padrao-em-inovacao-estilo-e-protecao-para-imoveis\/pre-inauguracao-da-decorcollors-dia-30-de-abril-de-2026-42\/'><img width=\"150\" height=\"150\" src=\"https:\/\/www.programapodcast.com.br\/v1\/wp-content\/uploads\/2026\/04\/PRE-INAUGURACAO-DA-DECORCOLLORS-DIA-30-DE-ABRIL-DE-2026-42-150x150.jpg\" class=\"attachment-thumbnail size-thumbnail\" alt=\"\" decoding=\"async\" loading=\"lazy\" srcset=\"https:\/\/www.programapodcast.com.br\/v1\/wp-content\/uploads\/2026\/04\/PRE-INAUGURACAO-DA-DECORCOLLORS-DIA-30-DE-ABRIL-DE-2026-42-150x150.jpg 150w, https:\/\/www.programapodcast.com.br\/v1\/wp-content\/uploads\/2026\/04\/PRE-INAUGURACAO-DA-DECORCOLLORS-DIA-30-DE-ABRIL-DE-2026-42-408x405.jpg 408w\" sizes=\"(max-width: 150px) 100vw, 150px\" \/><\/a>\n\t\t\t<\/div><\/figure><figure class='gallery-item'>\n\t\t\t<div class='gallery-icon portrait'>\n\t\t\t\t<a href='https:\/\/www.programapodcast.com.br\/v1\/2026\/04\/30\/gigante-do-setor-de-acabamentos-chega-a-itapetinga-decor-colors-inaugura-novo-padrao-em-inovacao-estilo-e-protecao-para-imoveis\/pre-inauguracao-da-decorcollors-dia-30-de-abril-de-2026-44\/'><img width=\"150\" height=\"150\" src=\"https:\/\/www.programapodcast.com.br\/v1\/wp-content\/uploads\/2026\/04\/PRE-INAUGURACAO-DA-DECORCOLLORS-DIA-30-DE-ABRIL-DE-2026-44-150x150.jpg\" class=\"attachment-thumbnail size-thumbnail\" alt=\"\" decoding=\"async\" loading=\"lazy\" \/><\/a>\n\t\t\t<\/div><\/figure><figure class='gallery-item'>\n\t\t\t<div class='gallery-icon portrait'>\n\t\t\t\t<a href='https:\/\/www.programapodcast.com.br\/v1\/2026\/04\/30\/gigante-do-setor-de-acabamentos-chega-a-itapetinga-decor-colors-inaugura-novo-padrao-em-inovacao-estilo-e-protecao-para-imoveis\/pre-inauguracao-da-decorcollors-dia-30-de-abril-de-2026-48\/'><img width=\"150\" height=\"150\" src=\"https:\/\/www.programapodcast.com.br\/v1\/wp-content\/uploads\/2026\/04\/PRE-INAUGURACAO-DA-DECORCOLLORS-DIA-30-DE-ABRIL-DE-2026-48-150x150.jpg\" class=\"attachment-thumbnail size-thumbnail\" alt=\"\" decoding=\"async\" loading=\"lazy\" srcset=\"https:\/\/www.programapodcast.com.br\/v1\/wp-content\/uploads\/2026\/04\/PRE-INAUGURACAO-DA-DECORCOLLORS-DIA-30-DE-ABRIL-DE-2026-48-150x150.jpg 150w, https:\/\/www.programapodcast.com.br\/v1\/wp-content\/uploads\/2026\/04\/PRE-INAUGURACAO-DA-DECORCOLLORS-DIA-30-DE-ABRIL-DE-2026-48-408x405.jpg 408w\" sizes=\"(max-width: 150px) 100vw, 150px\" \/><\/a>\n\t\t\t<\/div><\/figure><figure class='gallery-item'>\n\t\t\t<div class='gallery-icon portrait'>\n\t\t\t\t<a href='https:\/\/www.programapodcast.com.br\/v1\/2026\/04\/30\/gigante-do-setor-de-acabamentos-chega-a-itapetinga-decor-colors-inaugura-novo-padrao-em-inovacao-estilo-e-protecao-para-imoveis\/pre-inauguracao-da-decorcollors-dia-30-de-abril-de-2026-50\/'><img width=\"150\" height=\"150\" src=\"https:\/\/www.programapodcast.com.br\/v1\/wp-content\/uploads\/2026\/04\/PRE-INAUGURACAO-DA-DECORCOLLORS-DIA-30-DE-ABRIL-DE-2026-50-150x150.jpg\" class=\"attachment-thumbnail size-thumbnail\" alt=\"\" decoding=\"async\" loading=\"lazy\" srcset=\"https:\/\/www.programapodcast.com.br\/v1\/wp-content\/uploads\/2026\/04\/PRE-INAUGURACAO-DA-DECORCOLLORS-DIA-30-DE-ABRIL-DE-2026-50-150x150.jpg 150w, https:\/\/www.programapodcast.com.br\/v1\/wp-content\/uploads\/2026\/04\/PRE-INAUGURACAO-DA-DECORCOLLORS-DIA-30-DE-ABRIL-DE-2026-50-408x405.jpg 408w\" sizes=\"(max-width: 150px) 100vw, 150px\" \/><\/a>\n\t\t\t<\/div><\/figure><figure class='gallery-item'>\n\t\t\t<div class='gallery-icon portrait'>\n\t\t\t\t<a href='https:\/\/www.programapodcast.com.br\/v1\/2026\/04\/30\/gigante-do-setor-de-acabamentos-chega-a-itapetinga-decor-colors-inaugura-novo-padrao-em-inovacao-estilo-e-protecao-para-imoveis\/pre-inauguracao-da-decorcollors-dia-30-de-abril-de-2026-51\/'><img width=\"150\" height=\"150\" src=\"https:\/\/www.programapodcast.com.br\/v1\/wp-content\/uploads\/2026\/04\/PRE-INAUGURACAO-DA-DECORCOLLORS-DIA-30-DE-ABRIL-DE-2026-51-150x150.jpg\" class=\"attachment-thumbnail size-thumbnail\" alt=\"\" decoding=\"async\" loading=\"lazy\" srcset=\"https:\/\/www.programapodcast.com.br\/v1\/wp-content\/uploads\/2026\/04\/PRE-INAUGURACAO-DA-DECORCOLLORS-DIA-30-DE-ABRIL-DE-2026-51-150x150.jpg 150w, https:\/\/www.programapodcast.com.br\/v1\/wp-content\/uploads\/2026\/04\/PRE-INAUGURACAO-DA-DECORCOLLORS-DIA-30-DE-ABRIL-DE-2026-51-408x405.jpg 408w\" sizes=\"(max-width: 150px) 100vw, 150px\" \/><\/a>\n\t\t\t<\/div><\/figure><figure class='gallery-item'>\n\t\t\t<div class='gallery-icon portrait'>\n\t\t\t\t<a href='https:\/\/www.programapodcast.com.br\/v1\/2026\/04\/30\/gigante-do-setor-de-acabamentos-chega-a-itapetinga-decor-colors-inaugura-novo-padrao-em-inovacao-estilo-e-protecao-para-imoveis\/pre-inauguracao-da-decorcollors-dia-30-de-abril-de-2026-55\/'><img width=\"150\" height=\"150\" src=\"https:\/\/www.programapodcast.com.br\/v1\/wp-content\/uploads\/2026\/04\/PRE-INAUGURACAO-DA-DECORCOLLORS-DIA-30-DE-ABRIL-DE-2026-55-150x150.jpg\" class=\"attachment-thumbnail size-thumbnail\" alt=\"\" decoding=\"async\" loading=\"lazy\" srcset=\"https:\/\/www.programapodcast.com.br\/v1\/wp-content\/uploads\/2026\/04\/PRE-INAUGURACAO-DA-DECORCOLLORS-DIA-30-DE-ABRIL-DE-2026-55-150x150.jpg 150w, https:\/\/www.programapodcast.com.br\/v1\/wp-content\/uploads\/2026\/04\/PRE-INAUGURACAO-DA-DECORCOLLORS-DIA-30-DE-ABRIL-DE-2026-55-408x405.jpg 408w\" sizes=\"(max-width: 150px) 100vw, 150px\" \/><\/a>\n\t\t\t<\/div><\/figure><figure class='gallery-item'>\n\t\t\t<div class='gallery-icon portrait'>\n\t\t\t\t<a href='https:\/\/www.programapodcast.com.br\/v1\/2026\/04\/30\/gigante-do-setor-de-acabamentos-chega-a-itapetinga-decor-colors-inaugura-novo-padrao-em-inovacao-estilo-e-protecao-para-imoveis\/pre-inauguracao-da-decorcollors-dia-30-de-abril-de-2026-57\/'><img width=\"150\" height=\"150\" src=\"https:\/\/www.programapodcast.com.br\/v1\/wp-content\/uploads\/2026\/04\/PRE-INAUGURACAO-DA-DECORCOLLORS-DIA-30-DE-ABRIL-DE-2026-57-150x150.jpg\" class=\"attachment-thumbnail size-thumbnail\" alt=\"\" decoding=\"async\" loading=\"lazy\" \/><\/a>\n\t\t\t<\/div><\/figure><figure class='gallery-item'>\n\t\t\t<div class='gallery-icon portrait'>\n\t\t\t\t<a href='https:\/\/www.programapodcast.com.br\/v1\/2026\/04\/30\/gigante-do-setor-de-acabamentos-chega-a-itapetinga-decor-colors-inaugura-novo-padrao-em-inovacao-estilo-e-protecao-para-imoveis\/pre-inauguracao-da-decorcollors-dia-30-de-abril-de-2026-59\/'><img width=\"150\" height=\"150\" src=\"https:\/\/www.programapodcast.com.br\/v1\/wp-content\/uploads\/2026\/04\/PRE-INAUGURACAO-DA-DECORCOLLORS-DIA-30-DE-ABRIL-DE-2026-59-150x150.jpg\" class=\"attachment-thumbnail size-thumbnail\" alt=\"\" decoding=\"async\" loading=\"lazy\" \/><\/a>\n\t\t\t<\/div><\/figure><figure class='gallery-item'>\n\t\t\t<div class='gallery-icon portrait'>\n\t\t\t\t<a href='https:\/\/www.programapodcast.com.br\/v1\/2026\/04\/30\/gigante-do-setor-de-acabamentos-chega-a-itapetinga-decor-colors-inaugura-novo-padrao-em-inovacao-estilo-e-protecao-para-imoveis\/pre-inauguracao-da-decorcollors-dia-30-de-abril-de-2026-66\/'><img width=\"150\" height=\"150\" src=\"https:\/\/www.programapodcast.com.br\/v1\/wp-content\/uploads\/2026\/04\/PRE-INAUGURACAO-DA-DECORCOLLORS-DIA-30-DE-ABRIL-DE-2026-66-150x150.jpg\" class=\"attachment-thumbnail size-thumbnail\" alt=\"\" decoding=\"async\" loading=\"lazy\" srcset=\"https:\/\/www.programapodcast.com.br\/v1\/wp-content\/uploads\/2026\/04\/PRE-INAUGURACAO-DA-DECORCOLLORS-DIA-30-DE-ABRIL-DE-2026-66-150x150.jpg 150w, https:\/\/www.programapodcast.com.br\/v1\/wp-content\/uploads\/2026\/04\/PRE-INAUGURACAO-DA-DECORCOLLORS-DIA-30-DE-ABRIL-DE-2026-66-408x405.jpg 408w\" sizes=\"(max-width: 150px) 100vw, 150px\" \/><\/a>\n\t\t\t<\/div><\/figure><figure class='gallery-item'>\n\t\t\t<div class='gallery-icon portrait'>\n\t\t\t\t<a href='https:\/\/www.programapodcast.com.br\/v1\/2026\/04\/30\/gigante-do-setor-de-acabamentos-chega-a-itapetinga-decor-colors-inaugura-novo-padrao-em-inovacao-estilo-e-protecao-para-imoveis\/pre-inauguracao-da-decorcollors-dia-30-de-abril-de-2026-67\/'><img width=\"150\" height=\"150\" src=\"https:\/\/www.programapodcast.com.br\/v1\/wp-content\/uploads\/2026\/04\/PRE-INAUGURACAO-DA-DECORCOLLORS-DIA-30-DE-ABRIL-DE-2026-67-150x150.jpg\" class=\"attachment-thumbnail size-thumbnail\" alt=\"\" decoding=\"async\" loading=\"lazy\" \/><\/a>\n\t\t\t<\/div><\/figure><figure class='gallery-item'>\n\t\t\t<div class='gallery-icon landscape'>\n\t\t\t\t<a href='https:\/\/www.programapodcast.com.br\/v1\/2026\/04\/30\/gigante-do-setor-de-acabamentos-chega-a-itapetinga-decor-colors-inaugura-novo-padrao-em-inovacao-estilo-e-protecao-para-imoveis\/pre-inauguracao-da-decorcollors-dia-30-de-abril-de-2026-68\/'><img width=\"150\" height=\"150\" src=\"https:\/\/www.programapodcast.com.br\/v1\/wp-content\/uploads\/2026\/04\/PRE-INAUGURACAO-DA-DECORCOLLORS-DIA-30-DE-ABRIL-DE-2026-68-150x150.jpg\" class=\"attachment-thumbnail size-thumbnail\" alt=\"\" decoding=\"async\" loading=\"lazy\" \/><\/a>\n\t\t\t<\/div><\/figure><figure class='gallery-item'>\n\t\t\t<div class='gallery-icon landscape'>\n\t\t\t\t<a href='https:\/\/www.programapodcast.com.br\/v1\/2026\/04\/30\/gigante-do-setor-de-acabamentos-chega-a-itapetinga-decor-colors-inaugura-novo-padrao-em-inovacao-estilo-e-protecao-para-imoveis\/pre-inauguracao-da-decorcollors-dia-30-de-abril-de-2026-70\/'><img width=\"150\" height=\"150\" src=\"https:\/\/www.programapodcast.com.br\/v1\/wp-content\/uploads\/2026\/04\/PRE-INAUGURACAO-DA-DECORCOLLORS-DIA-30-DE-ABRIL-DE-2026-70-150x150.jpg\" class=\"attachment-thumbnail size-thumbnail\" alt=\"\" decoding=\"async\" loading=\"lazy\" \/><\/a>\n\t\t\t<\/div><\/figure><figure class='gallery-item'>\n\t\t\t<div class='gallery-icon portrait'>\n\t\t\t\t<a href='https:\/\/www.programapodcast.com.br\/v1\/2026\/04\/30\/gigante-do-setor-de-acabamentos-chega-a-itapetinga-decor-colors-inaugura-novo-padrao-em-inovacao-estilo-e-protecao-para-imoveis\/pre-inauguracao-da-decorcollors-dia-30-de-abril-de-2026-79\/'><img width=\"150\" height=\"150\" src=\"https:\/\/www.programapodcast.com.br\/v1\/wp-content\/uploads\/2026\/04\/PRE-INAUGURACAO-DA-DECORCOLLORS-DIA-30-DE-ABRIL-DE-2026-79-150x150.jpg\" class=\"attachment-thumbnail size-thumbnail\" alt=\"\" decoding=\"async\" loading=\"lazy\" \/><\/a>\n\t\t\t<\/div><\/figure><figure class='gallery-item'>\n\t\t\t<div class='gallery-icon portrait'>\n\t\t\t\t<a href='https:\/\/www.programapodcast.com.br\/v1\/2026\/04\/30\/gigante-do-setor-de-acabamentos-chega-a-itapetinga-decor-colors-inaugura-novo-padrao-em-inovacao-estilo-e-protecao-para-imoveis\/pre-inauguracao-da-decorcollors-dia-30-de-abril-de-2026-83\/'><img width=\"150\" height=\"150\" src=\"https:\/\/www.programapodcast.com.br\/v1\/wp-content\/uploads\/2026\/04\/PRE-INAUGURACAO-DA-DECORCOLLORS-DIA-30-DE-ABRIL-DE-2026-83-150x150.jpg\" class=\"attachment-thumbnail size-thumbnail\" alt=\"\" decoding=\"async\" loading=\"lazy\" \/><\/a>\n\t\t\t<\/div><\/figure>\n\t\t<\/div>\n\n","protected":false},"excerpt":{"rendered":"<p>Itapetinga passa a contar com um novo conceito em acabamentos e prote\u00e7\u00e3o para im\u00f3veis com a chegada da Decor Colors, que foi apresentada ao p\u00fablico em uma elegante pr\u00e9-inaugura\u00e7\u00e3o realizada na noite desta quinta-feira, 30. O empreendimento, liderado pelo empres\u00e1rio vision\u00e1rio Oniel Brand\u00e3o, promete transformar a forma como moradores e profissionais da constru\u00e7\u00e3o civil encaram &hellip;<\/p>\n","protected":false},"author":3,"featured_media":19212,"comment_status":"closed","ping_status":"closed","sticky":false,"template":"","format":"standard","meta":{"_links_to":"","_links_to_target":""},"categories":[1],"tags":[],"views":4,"_links":{"self":[{"href":"https:\/\/www.programapodcast.com.br\/v1\/wp-json\/wp\/v2\/posts\/19211"}],"collection":[{"href":"https:\/\/www.programapodcast.com.br\/v1\/wp-json\/wp\/v2\/posts"}],"about":[{"href":"https:\/\/www.programapodcast.com.br\/v1\/wp-json\/wp\/v2\/types\/post"}],"author":[{"embeddable":true,"href":"https:\/\/www.programapodcast.com.br\/v1\/wp-json\/wp\/v2\/users\/3"}],"replies":[{"embeddable":true,"href":"https:\/\/www.programapodcast.com.br\/v1\/wp-json\/wp\/v2\/comments?post=19211"}],"version-history":[{"count":4,"href":"https:\/\/www.programapodcast.com.br\/v1\/wp-json\/wp\/v2\/posts\/19211\/revisions"}],"predecessor-version":[{"id":19252,"href":"https:\/\/www.programapodcast.com.br\/v1\/wp-json\/wp\/v2\/posts\/19211\/revisions\/19252"}],"wp:featuredmedia":[{"embeddable":true,"href":"https:\/\/www.programapodcast.com.br\/v1\/wp-json\/wp\/v2\/media\/19212"}],"wp:attachment":[{"href":"https:\/\/www.programapodcast.com.br\/v1\/wp-json\/wp\/v2\/media?parent=19211"}],"wp:term":[{"taxonomy":"category","embeddable":true,"href":"https:\/\/www.programapodcast.com.br\/v1\/wp-json\/wp\/v2\/categories?post=19211"},{"taxonomy":"post_tag","embeddable":true,"href":"https:\/\/www.programapodcast.com.br\/v1\/wp-json\/wp\/v2\/tags?post=19211"}],"curies":[{"name":"wp","href":"https:\/\/api.w.org\/{rel}","templated":true}]}}