{"id":19196,"date":"2026-04-30T14:25:16","date_gmt":"2026-04-30T17:25:16","guid":{"rendered":"https:\/\/www.programapodcast.com.br\/v1\/?p=19196"},"modified":"2026-04-30T14:25:16","modified_gmt":"2026-04-30T17:25:16","slug":"umi-celebra-3-anos-de-luta-e-fortalecimento-dos-direitos-das-mulheres-em-itapetinga-no-podcast-da-fascinacao-fm","status":"publish","type":"post","link":"https:\/\/www.programapodcast.com.br\/v1\/2026\/04\/30\/umi-celebra-3-anos-de-luta-e-fortalecimento-dos-direitos-das-mulheres-em-itapetinga-no-podcast-da-fascinacao-fm\/","title":{"rendered":"UMI celebra 3 anos de luta e fortalecimento dos direitos das mulheres em Itapetinga no Podcast da Fascina\u00e7\u00e3o FM."},"content":{"rendered":"<h4 style=\"text-align: justify\">O Programa Podcast da R\u00e1dio Fascina\u00e7\u00e3o FM 92.3, sob o comando do trio din\u00e2mico do r\u00e1dio baiano \u2014 Sizinio Neto, Portelinha e C\u00e9sar Soares \u2014 recebeu nesta quarta-feira (29) as representantes da Uni\u00e3o de Mulheres do M\u00e9dio Sudoeste (UMI), Maria de Lourdes, a Lourdinha, e Eliene Chaves, conhecida como Liu.<\/p>\n<p>Em pauta, os tr\u00eas anos de atua\u00e7\u00e3o da entidade, que vem se consolidando como refer\u00eancia na defesa dos direitos das mulheres em Itapetinga e toda a regi\u00e3o.<\/p>\n<p>Durante o bate-papo, que foi marcado por um di\u00e1logo aberto e participativo, os ouvintes interagiram do in\u00edcio ao fim, enviando mensagens de apoio, solidariedade e reconhecimento ao trabalho desenvolvido pela UMI.<\/p>\n<p>A vice-presidente da entidade, Eliene Chaves (Liu), destacou a import\u00e2ncia da uni\u00e3o e do fortalecimento da luta feminina: \u201cA UMI nasceu da necessidade de dar voz \u00e0s mulheres que muitas vezes n\u00e3o s\u00e3o ouvidas. Ao longo desses tr\u00eas anos, temos constru\u00eddo uma rede de apoio, acolhimento e orienta\u00e7\u00e3o, mostrando que nenhuma mulher precisa enfrentar suas dores sozinha.\u201d<\/p>\n<p>J\u00e1 Maria de Lourdes (Lourdinha), integrante ativa do grupo e reconhecida por sua dedica\u00e7\u00e3o, enfatizou o compromisso com a causa:<br \/>\n\u201cTrabalhamos com amor, responsabilidade e muita determina\u00e7\u00e3o. Defender os direitos das mulheres \u00e9 mais que uma miss\u00e3o, \u00e9 um prop\u00f3sito de vida. Cada conquista da UMI representa um avan\u00e7o na dignidade e no respeito \u00e0s mulheres da nossa regi\u00e3o.\u201d<\/p>\n<p>A entrevista refor\u00e7ou o papel fundamental da UMI na promo\u00e7\u00e3o de pol\u00edticas de prote\u00e7\u00e3o, conscientiza\u00e7\u00e3o e valoriza\u00e7\u00e3o da mulher, consolidando a entidade como uma importante voz na luta por igualdade e justi\u00e7a social.<\/h4>\n<div id='gallery-1' class='gallery galleryid-19196 gallery-columns-4 gallery-size-thumbnail'><figure class='gallery-item'>\n\t\t\t<div class='gallery-icon portrait'>\n\t\t\t\t<a href='https:\/\/www.programapodcast.com.br\/v1\/2026\/04\/30\/umi-celebra-3-anos-de-luta-e-fortalecimento-dos-direitos-das-mulheres-em-itapetinga-no-podcast-da-fascinacao-fm\/programa-podcast-ecliene-chaves-e-lourdinha-umi-dia-29-de-abril-de-2026-102\/'><img width=\"150\" height=\"150\" src=\"https:\/\/www.programapodcast.com.br\/v1\/wp-content\/uploads\/2026\/04\/PROGRAMA-PODCAST-ECLIENE-CHAVES-E-LOURDINHA-UMI-DIA-29-DE-ABRIL-DE-2026-102-150x150.jpg\" class=\"attachment-thumbnail size-thumbnail\" alt=\"\" decoding=\"async\" loading=\"lazy\" srcset=\"https:\/\/www.programapodcast.com.br\/v1\/wp-content\/uploads\/2026\/04\/PROGRAMA-PODCAST-ECLIENE-CHAVES-E-LOURDINHA-UMI-DIA-29-DE-ABRIL-DE-2026-102-150x150.jpg 150w, https:\/\/www.programapodcast.com.br\/v1\/wp-content\/uploads\/2026\/04\/PROGRAMA-PODCAST-ECLIENE-CHAVES-E-LOURDINHA-UMI-DIA-29-DE-ABRIL-DE-2026-102-401x405.jpg 401w\" sizes=\"(max-width: 150px) 100vw, 150px\" \/><\/a>\n\t\t\t<\/div><\/figure><figure class='gallery-item'>\n\t\t\t<div class='gallery-icon portrait'>\n\t\t\t\t<a href='https:\/\/www.programapodcast.com.br\/v1\/2026\/04\/30\/umi-celebra-3-anos-de-luta-e-fortalecimento-dos-direitos-das-mulheres-em-itapetinga-no-podcast-da-fascinacao-fm\/programa-podcast-ecliene-chaves-e-lourdinha-umi-dia-29-de-abril-de-2026-100\/'><img width=\"150\" height=\"150\" src=\"https:\/\/www.programapodcast.com.br\/v1\/wp-content\/uploads\/2026\/04\/PROGRAMA-PODCAST-ECLIENE-CHAVES-E-LOURDINHA-UMI-DIA-29-DE-ABRIL-DE-2026-100-150x150.jpg\" class=\"attachment-thumbnail size-thumbnail\" alt=\"\" decoding=\"async\" loading=\"lazy\" \/><\/a>\n\t\t\t<\/div><\/figure><figure class='gallery-item'>\n\t\t\t<div class='gallery-icon portrait'>\n\t\t\t\t<a href='https:\/\/www.programapodcast.com.br\/v1\/2026\/04\/30\/umi-celebra-3-anos-de-luta-e-fortalecimento-dos-direitos-das-mulheres-em-itapetinga-no-podcast-da-fascinacao-fm\/programa-podcast-ecliene-chaves-e-lourdinha-umi-dia-29-de-abril-de-2026-79\/'><img width=\"150\" height=\"150\" src=\"https:\/\/www.programapodcast.com.br\/v1\/wp-content\/uploads\/2026\/04\/PROGRAMA-PODCAST-ECLIENE-CHAVES-E-LOURDINHA-UMI-DIA-29-DE-ABRIL-DE-2026-79-150x150.jpg\" class=\"attachment-thumbnail size-thumbnail\" alt=\"\" decoding=\"async\" loading=\"lazy\" srcset=\"https:\/\/www.programapodcast.com.br\/v1\/wp-content\/uploads\/2026\/04\/PROGRAMA-PODCAST-ECLIENE-CHAVES-E-LOURDINHA-UMI-DIA-29-DE-ABRIL-DE-2026-79-150x150.jpg 150w, https:\/\/www.programapodcast.com.br\/v1\/wp-content\/uploads\/2026\/04\/PROGRAMA-PODCAST-ECLIENE-CHAVES-E-LOURDINHA-UMI-DIA-29-DE-ABRIL-DE-2026-79-408x405.jpg 408w\" sizes=\"(max-width: 150px) 100vw, 150px\" \/><\/a>\n\t\t\t<\/div><\/figure><figure class='gallery-item'>\n\t\t\t<div class='gallery-icon portrait'>\n\t\t\t\t<a href='https:\/\/www.programapodcast.com.br\/v1\/2026\/04\/30\/umi-celebra-3-anos-de-luta-e-fortalecimento-dos-direitos-das-mulheres-em-itapetinga-no-podcast-da-fascinacao-fm\/programa-podcast-ecliene-chaves-e-lourdinha-umi-dia-29-de-abril-de-2026-66\/'><img width=\"150\" height=\"150\" src=\"https:\/\/www.programapodcast.com.br\/v1\/wp-content\/uploads\/2026\/04\/PROGRAMA-PODCAST-ECLIENE-CHAVES-E-LOURDINHA-UMI-DIA-29-DE-ABRIL-DE-2026-66-150x150.jpg\" class=\"attachment-thumbnail size-thumbnail\" alt=\"\" decoding=\"async\" loading=\"lazy\" \/><\/a>\n\t\t\t<\/div><\/figure><figure class='gallery-item'>\n\t\t\t<div class='gallery-icon portrait'>\n\t\t\t\t<a href='https:\/\/www.programapodcast.com.br\/v1\/2026\/04\/30\/umi-celebra-3-anos-de-luta-e-fortalecimento-dos-direitos-das-mulheres-em-itapetinga-no-podcast-da-fascinacao-fm\/programa-podcast-ecliene-chaves-e-lourdinha-umi-dia-29-de-abril-de-2026-59\/'><img width=\"150\" height=\"150\" src=\"https:\/\/www.programapodcast.com.br\/v1\/wp-content\/uploads\/2026\/04\/PROGRAMA-PODCAST-ECLIENE-CHAVES-E-LOURDINHA-UMI-DIA-29-DE-ABRIL-DE-2026-59-150x150.jpg\" class=\"attachment-thumbnail size-thumbnail\" alt=\"\" decoding=\"async\" loading=\"lazy\" \/><\/a>\n\t\t\t<\/div><\/figure><figure class='gallery-item'>\n\t\t\t<div class='gallery-icon portrait'>\n\t\t\t\t<a href='https:\/\/www.programapodcast.com.br\/v1\/2026\/04\/30\/umi-celebra-3-anos-de-luta-e-fortalecimento-dos-direitos-das-mulheres-em-itapetinga-no-podcast-da-fascinacao-fm\/programa-podcast-ecliene-chaves-e-lourdinha-umi-dia-29-de-abril-de-2026-56\/'><img width=\"150\" height=\"150\" src=\"https:\/\/www.programapodcast.com.br\/v1\/wp-content\/uploads\/2026\/04\/PROGRAMA-PODCAST-ECLIENE-CHAVES-E-LOURDINHA-UMI-DIA-29-DE-ABRIL-DE-2026-56-150x150.jpg\" class=\"attachment-thumbnail size-thumbnail\" alt=\"\" decoding=\"async\" loading=\"lazy\" \/><\/a>\n\t\t\t<\/div><\/figure><figure class='gallery-item'>\n\t\t\t<div class='gallery-icon portrait'>\n\t\t\t\t<a href='https:\/\/www.programapodcast.com.br\/v1\/2026\/04\/30\/umi-celebra-3-anos-de-luta-e-fortalecimento-dos-direitos-das-mulheres-em-itapetinga-no-podcast-da-fascinacao-fm\/programa-podcast-ecliene-chaves-e-lourdinha-umi-dia-29-de-abril-de-2026-52\/'><img width=\"150\" height=\"150\" src=\"https:\/\/www.programapodcast.com.br\/v1\/wp-content\/uploads\/2026\/04\/PROGRAMA-PODCAST-ECLIENE-CHAVES-E-LOURDINHA-UMI-DIA-29-DE-ABRIL-DE-2026-52-150x150.jpg\" class=\"attachment-thumbnail size-thumbnail\" alt=\"\" decoding=\"async\" loading=\"lazy\" \/><\/a>\n\t\t\t<\/div><\/figure><figure class='gallery-item'>\n\t\t\t<div class='gallery-icon landscape'>\n\t\t\t\t<a href='https:\/\/www.programapodcast.com.br\/v1\/2026\/04\/30\/umi-celebra-3-anos-de-luta-e-fortalecimento-dos-direitos-das-mulheres-em-itapetinga-no-podcast-da-fascinacao-fm\/programa-podcast-ecliene-chaves-e-lourdinha-umi-dia-29-de-abril-de-2026-29\/'><img width=\"150\" height=\"150\" src=\"https:\/\/www.programapodcast.com.br\/v1\/wp-content\/uploads\/2026\/04\/PROGRAMA-PODCAST-ECLIENE-CHAVES-E-LOURDINHA-UMI-DIA-29-DE-ABRIL-DE-2026-29-150x150.jpg\" class=\"attachment-thumbnail size-thumbnail\" alt=\"\" decoding=\"async\" loading=\"lazy\" \/><\/a>\n\t\t\t<\/div><\/figure><figure class='gallery-item'>\n\t\t\t<div class='gallery-icon landscape'>\n\t\t\t\t<a href='https:\/\/www.programapodcast.com.br\/v1\/2026\/04\/30\/umi-celebra-3-anos-de-luta-e-fortalecimento-dos-direitos-das-mulheres-em-itapetinga-no-podcast-da-fascinacao-fm\/programa-podcast-ecliene-chaves-e-lourdinha-umi-dia-29-de-abril-de-2026-20\/'><img width=\"150\" height=\"150\" src=\"https:\/\/www.programapodcast.com.br\/v1\/wp-content\/uploads\/2026\/04\/PROGRAMA-PODCAST-ECLIENE-CHAVES-E-LOURDINHA-UMI-DIA-29-DE-ABRIL-DE-2026-20-150x150.jpg\" class=\"attachment-thumbnail size-thumbnail\" alt=\"\" decoding=\"async\" loading=\"lazy\" \/><\/a>\n\t\t\t<\/div><\/figure><figure class='gallery-item'>\n\t\t\t<div class='gallery-icon portrait'>\n\t\t\t\t<a href='https:\/\/www.programapodcast.com.br\/v1\/2026\/04\/30\/umi-celebra-3-anos-de-luta-e-fortalecimento-dos-direitos-das-mulheres-em-itapetinga-no-podcast-da-fascinacao-fm\/programa-podcast-ecliene-chaves-e-lourdinha-umi-dia-29-de-abril-de-2026-9\/'><img width=\"150\" height=\"150\" src=\"https:\/\/www.programapodcast.com.br\/v1\/wp-content\/uploads\/2026\/04\/PROGRAMA-PODCAST-ECLIENE-CHAVES-E-LOURDINHA-UMI-DIA-29-DE-ABRIL-DE-2026-9-150x150.jpg\" class=\"attachment-thumbnail size-thumbnail\" alt=\"\" decoding=\"async\" loading=\"lazy\" \/><\/a>\n\t\t\t<\/div><\/figure><figure class='gallery-item'>\n\t\t\t<div class='gallery-icon portrait'>\n\t\t\t\t<a href='https:\/\/www.programapodcast.com.br\/v1\/2026\/04\/30\/umi-celebra-3-anos-de-luta-e-fortalecimento-dos-direitos-das-mulheres-em-itapetinga-no-podcast-da-fascinacao-fm\/programa-podcast-ecliene-chaves-e-lourdinha-umi-dia-29-de-abril-de-2026-8\/'><img width=\"150\" height=\"150\" src=\"https:\/\/www.programapodcast.com.br\/v1\/wp-content\/uploads\/2026\/04\/PROGRAMA-PODCAST-ECLIENE-CHAVES-E-LOURDINHA-UMI-DIA-29-DE-ABRIL-DE-2026-8-150x150.jpg\" class=\"attachment-thumbnail size-thumbnail\" alt=\"\" decoding=\"async\" loading=\"lazy\" \/><\/a>\n\t\t\t<\/div><\/figure><figure class='gallery-item'>\n\t\t\t<div class='gallery-icon portrait'>\n\t\t\t\t<a href='https:\/\/www.programapodcast.com.br\/v1\/2026\/04\/30\/umi-celebra-3-anos-de-luta-e-fortalecimento-dos-direitos-das-mulheres-em-itapetinga-no-podcast-da-fascinacao-fm\/programa-podcast-ecliene-chaves-e-lourdinha-umi-dia-29-de-abril-de-2026-4\/'><img width=\"150\" height=\"150\" src=\"https:\/\/www.programapodcast.com.br\/v1\/wp-content\/uploads\/2026\/04\/PROGRAMA-PODCAST-ECLIENE-CHAVES-E-LOURDINHA-UMI-DIA-29-DE-ABRIL-DE-2026-4-150x150.jpg\" class=\"attachment-thumbnail size-thumbnail\" alt=\"\" decoding=\"async\" loading=\"lazy\" \/><\/a>\n\t\t\t<\/div><\/figure>\n\t\t<\/div>\n\n","protected":false},"excerpt":{"rendered":"<p>O Programa Podcast da R\u00e1dio Fascina\u00e7\u00e3o FM 92.3, sob o comando do trio din\u00e2mico do r\u00e1dio baiano \u2014 Sizinio Neto, Portelinha e C\u00e9sar Soares \u2014 recebeu nesta quarta-feira (29) as representantes da Uni\u00e3o de Mulheres do M\u00e9dio Sudoeste (UMI), Maria de Lourdes, a Lourdinha, e Eliene Chaves, conhecida como Liu. Em pauta, os tr\u00eas anos &hellip;<\/p>\n","protected":false},"author":3,"featured_media":19198,"comment_status":"closed","ping_status":"closed","sticky":false,"template":"","format":"standard","meta":{"_links_to":"","_links_to_target":""},"categories":[1],"tags":[],"views":5,"_links":{"self":[{"href":"https:\/\/www.programapodcast.com.br\/v1\/wp-json\/wp\/v2\/posts\/19196"}],"collection":[{"href":"https:\/\/www.programapodcast.com.br\/v1\/wp-json\/wp\/v2\/posts"}],"about":[{"href":"https:\/\/www.programapodcast.com.br\/v1\/wp-json\/wp\/v2\/types\/post"}],"author":[{"embeddable":true,"href":"https:\/\/www.programapodcast.com.br\/v1\/wp-json\/wp\/v2\/users\/3"}],"replies":[{"embeddable":true,"href":"https:\/\/www.programapodcast.com.br\/v1\/wp-json\/wp\/v2\/comments?post=19196"}],"version-history":[{"count":1,"href":"https:\/\/www.programapodcast.com.br\/v1\/wp-json\/wp\/v2\/posts\/19196\/revisions"}],"predecessor-version":[{"id":19210,"href":"https:\/\/www.programapodcast.com.br\/v1\/wp-json\/wp\/v2\/posts\/19196\/revisions\/19210"}],"wp:featuredmedia":[{"embeddable":true,"href":"https:\/\/www.programapodcast.com.br\/v1\/wp-json\/wp\/v2\/media\/19198"}],"wp:attachment":[{"href":"https:\/\/www.programapodcast.com.br\/v1\/wp-json\/wp\/v2\/media?parent=19196"}],"wp:term":[{"taxonomy":"category","embeddable":true,"href":"https:\/\/www.programapodcast.com.br\/v1\/wp-json\/wp\/v2\/categories?post=19196"},{"taxonomy":"post_tag","embeddable":true,"href":"https:\/\/www.programapodcast.com.br\/v1\/wp-json\/wp\/v2\/tags?post=19196"}],"curies":[{"name":"wp","href":"https:\/\/api.w.org\/{rel}","templated":true}]}}