{"id":19189,"date":"2026-04-29T14:20:59","date_gmt":"2026-04-29T17:20:59","guid":{"rendered":"https:\/\/www.programapodcast.com.br\/v1\/?p=19189"},"modified":"2026-04-29T14:20:59","modified_gmt":"2026-04-29T17:20:59","slug":"itapetinga-em-destaque-no-maior-evento-da-industria-do-norte-e-nordeste","status":"publish","type":"post","link":"https:\/\/www.programapodcast.com.br\/v1\/2026\/04\/29\/itapetinga-em-destaque-no-maior-evento-da-industria-do-norte-e-nordeste\/","title":{"rendered":"Itapetinga em destaque no maior evento da ind\u00fastria do Norte e Nordeste"},"content":{"rendered":"<p data-start=\"204\" data-end=\"482\">A <span class=\"hover:entity-accent entity-underline inline cursor-pointer align-baseline\"><span class=\"whitespace-normal\">VERT<\/span><\/span> confirma sua presen\u00e7a no <em data-start=\"269\" data-end=\"281\">Index 2026<\/em>, um dos maiores eventos da ind\u00fastria do Norte e Nordeste, que ser\u00e1 realizado no <span class=\"hover:entity-accent entity-underline inline cursor-pointer align-baseline\"><span class=\"whitespace-normal\">Centro de Conven\u00e7\u00f5es Salvador<\/span><\/span>, reunindo inova\u00e7\u00e3o, tecnologia e solu\u00e7\u00f5es voltadas ao desenvolvimento sustent\u00e1vel.<\/p>\n<p data-start=\"484\" data-end=\"773\">Com um stand moderno e totalmente alinhado \u00e0s pr\u00e1ticas ambientais, a VERT levar\u00e1 ao p\u00fablico suas solu\u00e7\u00f5es sustent\u00e1veis, refor\u00e7ando o compromisso com um futuro mais respons\u00e1vel e eficiente. O espa\u00e7o ser\u00e1 um convite \u00e0 troca de ideias, gera\u00e7\u00e3o de neg\u00f3cios e constru\u00e7\u00e3o de novas oportunidades.<\/p>\n<p data-start=\"775\" data-end=\"987\">Mais do que participar de um grande evento, a VERT celebra tamb\u00e9m um marco importante: <strong data-start=\"862\" data-end=\"887\">25 anos de trajet\u00f3ria<\/strong>, consolidando-se como uma empresa s\u00f3lida, inovadora e comprometida com a transforma\u00e7\u00e3o sustent\u00e1vel.<\/p>\n<p data-start=\"989\" data-end=\"1392\">\u00c9 motivo de orgulho para Itapetinga ver uma empresa genuinamente itapetinguense ganhar proje\u00e7\u00e3o e ocupar espa\u00e7o de destaque em um cen\u00e1rio t\u00e3o relevante. Sob a lideran\u00e7a dos empreendedores <span class=\"hover:entity-accent entity-underline inline cursor-pointer align-baseline\"><span class=\"whitespace-normal\">Kelly Carvalho<\/span><\/span> e <span class=\"hover:entity-accent entity-underline inline cursor-pointer align-baseline\"><span class=\"whitespace-normal\">Wellington Freitas<\/span><\/span>, a empresa vem se destacando como refer\u00eancia, colocando o munic\u00edpio na vitrine do debate ambiental e das solu\u00e7\u00f5es sustent\u00e1veis no Brasil.<\/p>\n<p data-start=\"1394\" data-end=\"1556\">Vision\u00e1rios, Kelly e Wellington t\u00eam mostrado que \u00e9 poss\u00edvel crescer com responsabilidade, inova\u00e7\u00e3o e prop\u00f3sito,\u00a0 levando o nome de Itapetinga cada vez mais longe.<\/p>\n<p data-start=\"1558\" data-end=\"1625\" data-is-last-node=\"\" data-is-only-node=\"\"><strong data-start=\"1558\" data-end=\"1625\" data-is-last-node=\"\">VERT: transforma\u00e7\u00e3o, sustentabilidade e orgulho da nossa terra.<\/strong><\/p>\n","protected":false},"excerpt":{"rendered":"<p>A VERT confirma sua presen\u00e7a no Index 2026, um dos maiores eventos da ind\u00fastria do Norte e Nordeste, que ser\u00e1 realizado no Centro de Conven\u00e7\u00f5es Salvador, reunindo inova\u00e7\u00e3o, tecnologia e solu\u00e7\u00f5es voltadas ao desenvolvimento sustent\u00e1vel. Com um stand moderno e totalmente alinhado \u00e0s pr\u00e1ticas ambientais, a VERT levar\u00e1 ao p\u00fablico suas solu\u00e7\u00f5es sustent\u00e1veis, refor\u00e7ando o &hellip;<\/p>\n","protected":false},"author":3,"featured_media":19190,"comment_status":"closed","ping_status":"closed","sticky":false,"template":"","format":"standard","meta":{"_links_to":"","_links_to_target":""},"categories":[17],"tags":[],"views":8,"_links":{"self":[{"href":"https:\/\/www.programapodcast.com.br\/v1\/wp-json\/wp\/v2\/posts\/19189"}],"collection":[{"href":"https:\/\/www.programapodcast.com.br\/v1\/wp-json\/wp\/v2\/posts"}],"about":[{"href":"https:\/\/www.programapodcast.com.br\/v1\/wp-json\/wp\/v2\/types\/post"}],"author":[{"embeddable":true,"href":"https:\/\/www.programapodcast.com.br\/v1\/wp-json\/wp\/v2\/users\/3"}],"replies":[{"embeddable":true,"href":"https:\/\/www.programapodcast.com.br\/v1\/wp-json\/wp\/v2\/comments?post=19189"}],"version-history":[{"count":1,"href":"https:\/\/www.programapodcast.com.br\/v1\/wp-json\/wp\/v2\/posts\/19189\/revisions"}],"predecessor-version":[{"id":19191,"href":"https:\/\/www.programapodcast.com.br\/v1\/wp-json\/wp\/v2\/posts\/19189\/revisions\/19191"}],"wp:featuredmedia":[{"embeddable":true,"href":"https:\/\/www.programapodcast.com.br\/v1\/wp-json\/wp\/v2\/media\/19190"}],"wp:attachment":[{"href":"https:\/\/www.programapodcast.com.br\/v1\/wp-json\/wp\/v2\/media?parent=19189"}],"wp:term":[{"taxonomy":"category","embeddable":true,"href":"https:\/\/www.programapodcast.com.br\/v1\/wp-json\/wp\/v2\/categories?post=19189"},{"taxonomy":"post_tag","embeddable":true,"href":"https:\/\/www.programapodcast.com.br\/v1\/wp-json\/wp\/v2\/tags?post=19189"}],"curies":[{"name":"wp","href":"https:\/\/api.w.org\/{rel}","templated":true}]}}