{"id":19176,"date":"2026-04-29T11:02:31","date_gmt":"2026-04-29T14:02:31","guid":{"rendered":"https:\/\/www.programapodcast.com.br\/v1\/?p=19176"},"modified":"2026-04-29T11:02:31","modified_gmt":"2026-04-29T14:02:31","slug":"legado-que-emociona-dr-lucinho-celebra-47-anos-do-labor-e-relembra-a-historia-que-marcou-itapetinga","status":"publish","type":"post","link":"https:\/\/www.programapodcast.com.br\/v1\/2026\/04\/29\/legado-que-emociona-dr-lucinho-celebra-47-anos-do-labor-e-relembra-a-historia-que-marcou-itapetinga\/","title":{"rendered":"Legado que emociona: Dr. Lucinho celebra 47 anos do Labor e relembra a hist\u00f3ria que marcou Itapetinga."},"content":{"rendered":"<h4 style=\"text-align: justify\" data-start=\"94\" data-end=\"455\">Na noite da \u00faltima ter\u00e7a-feira (28), o Podcast da R\u00e1dio Fascina\u00e7\u00e3o FM 92.3 recebeu o empres\u00e1rio e biom\u00e9dico Dr. L\u00facio Borba J\u00fanior, o Dr. Lucinho, CEO do Laborat\u00f3rio Labor ISO 9001. A entrevista, conduzida por Sizinio Neto, Portelinha e C\u00e9sar Soares, levou aos ouvintes uma verdadeira viagem pela hist\u00f3ria de um dos mais tradicionais laborat\u00f3rios de Itapetinga.<\/h4>\n<h4 style=\"text-align: justify\" data-start=\"457\" data-end=\"867\">Durante o bate-papo, Dr. Lucinho destacou os 47 anos de atua\u00e7\u00e3o do Labor no munic\u00edpio, relembrando a trajet\u00f3ria inspiradora de seu pai, o saudoso Dr. L\u00facio Borba, refer\u00eancia em cuidado e dedica\u00e7\u00e3o \u00e0 sa\u00fade da popula\u00e7\u00e3o. O entrevistado tamb\u00e9m compartilhou mem\u00f3rias da inf\u00e2ncia, curiosidades da \u00e9poca em que esteve envolvido com o futebol local e apresentou novidades sobre as modernas instala\u00e7\u00f5es do laborat\u00f3rio.<\/h4>\n<h4 style=\"text-align: justify\" data-start=\"869\" data-end=\"1084\">L\u00edder de audi\u00eancia, o programa contou com intensa participa\u00e7\u00e3o dos ouvintes, que interagiram ao vivo, enviaram mensagens de carinho e reconheceram a excel\u00eancia dos servi\u00e7os prestados pelo Labor ao longo das d\u00e9cadas.<\/h4>\n<h4 style=\"text-align: justify\" data-start=\"1086\" data-end=\"1285\">Um dos momentos mais marcantes da entrevista foi a emo\u00e7\u00e3o de Dr. Lucinho ao ouvir relatos de pacientes atendidos por seu pai, evidenciando o legado de humanidade e compromisso que atravessa gera\u00e7\u00f5es.<\/h4>\n<h4 style=\"text-align: justify\" data-start=\"1287\" data-end=\"1506\">\u201cDar continuidade ao trabalho do meu pai \u00e9 mais que uma miss\u00e3o profissional, \u00e9 um compromisso de vida com Itapetinga. Cada atendimento carrega um pouco da hist\u00f3ria que ele construiu com tanto amor e dedica\u00e7\u00e3o\u201d, afirmou.<\/h4>\n<h4 style=\"text-align: justify\" data-start=\"1508\" data-end=\"1679\">A entrevista reafirmou n\u00e3o apenas a import\u00e2ncia do Laborat\u00f3rio Labor para a sa\u00fade local, mas tamb\u00e9m o valor de um legado constru\u00eddo com \u00e9tica, dedica\u00e7\u00e3o e amor ao pr\u00f3ximo.<\/h4>\n<div id='gallery-1' class='gallery galleryid-19176 gallery-columns-5 gallery-size-thumbnail'><figure class='gallery-item'>\n\t\t\t<div class='gallery-icon portrait'>\n\t\t\t\t<a href='https:\/\/www.programapodcast.com.br\/v1\/2026\/04\/29\/legado-que-emociona-dr-lucinho-celebra-47-anos-do-labor-e-relembra-a-historia-que-marcou-itapetinga\/programa-podcast-lucinho-labor-dia-28-de-abril-de-2026-69\/'><img width=\"150\" height=\"150\" src=\"https:\/\/www.programapodcast.com.br\/v1\/wp-content\/uploads\/2026\/04\/PROGRAMA-PODCAST-LUCINHO-LABOR-DIA-28-DE-ABRIL-DE-2026-69-150x150.jpg\" class=\"attachment-thumbnail size-thumbnail\" alt=\"\" decoding=\"async\" loading=\"lazy\" srcset=\"https:\/\/www.programapodcast.com.br\/v1\/wp-content\/uploads\/2026\/04\/PROGRAMA-PODCAST-LUCINHO-LABOR-DIA-28-DE-ABRIL-DE-2026-69-150x150.jpg 150w, https:\/\/www.programapodcast.com.br\/v1\/wp-content\/uploads\/2026\/04\/PROGRAMA-PODCAST-LUCINHO-LABOR-DIA-28-DE-ABRIL-DE-2026-69-408x405.jpg 408w\" sizes=\"(max-width: 150px) 100vw, 150px\" \/><\/a>\n\t\t\t<\/div><\/figure><figure class='gallery-item'>\n\t\t\t<div class='gallery-icon portrait'>\n\t\t\t\t<a href='https:\/\/www.programapodcast.com.br\/v1\/2026\/04\/29\/legado-que-emociona-dr-lucinho-celebra-47-anos-do-labor-e-relembra-a-historia-que-marcou-itapetinga\/programa-podcast-lucinho-labor-dia-28-de-abril-de-2026-65\/'><img width=\"150\" height=\"150\" src=\"https:\/\/www.programapodcast.com.br\/v1\/wp-content\/uploads\/2026\/04\/PROGRAMA-PODCAST-LUCINHO-LABOR-DIA-28-DE-ABRIL-DE-2026-65-150x150.jpg\" class=\"attachment-thumbnail size-thumbnail\" alt=\"\" decoding=\"async\" loading=\"lazy\" srcset=\"https:\/\/www.programapodcast.com.br\/v1\/wp-content\/uploads\/2026\/04\/PROGRAMA-PODCAST-LUCINHO-LABOR-DIA-28-DE-ABRIL-DE-2026-65-150x150.jpg 150w, https:\/\/www.programapodcast.com.br\/v1\/wp-content\/uploads\/2026\/04\/PROGRAMA-PODCAST-LUCINHO-LABOR-DIA-28-DE-ABRIL-DE-2026-65-408x405.jpg 408w\" sizes=\"(max-width: 150px) 100vw, 150px\" \/><\/a>\n\t\t\t<\/div><\/figure><figure class='gallery-item'>\n\t\t\t<div class='gallery-icon portrait'>\n\t\t\t\t<a href='https:\/\/www.programapodcast.com.br\/v1\/2026\/04\/29\/legado-que-emociona-dr-lucinho-celebra-47-anos-do-labor-e-relembra-a-historia-que-marcou-itapetinga\/programa-podcast-lucinho-labor-dia-28-de-abril-de-2026-63\/'><img width=\"150\" height=\"150\" src=\"https:\/\/www.programapodcast.com.br\/v1\/wp-content\/uploads\/2026\/04\/PROGRAMA-PODCAST-LUCINHO-LABOR-DIA-28-DE-ABRIL-DE-2026-63-150x150.jpg\" class=\"attachment-thumbnail size-thumbnail\" alt=\"\" decoding=\"async\" loading=\"lazy\" \/><\/a>\n\t\t\t<\/div><\/figure><figure class='gallery-item'>\n\t\t\t<div class='gallery-icon portrait'>\n\t\t\t\t<a href='https:\/\/www.programapodcast.com.br\/v1\/2026\/04\/29\/legado-que-emociona-dr-lucinho-celebra-47-anos-do-labor-e-relembra-a-historia-que-marcou-itapetinga\/programa-podcast-lucinho-labor-dia-28-de-abril-de-2026-58\/'><img width=\"150\" height=\"150\" src=\"https:\/\/www.programapodcast.com.br\/v1\/wp-content\/uploads\/2026\/04\/PROGRAMA-PODCAST-LUCINHO-LABOR-DIA-28-DE-ABRIL-DE-2026-58-150x150.jpg\" class=\"attachment-thumbnail size-thumbnail\" alt=\"\" decoding=\"async\" loading=\"lazy\" \/><\/a>\n\t\t\t<\/div><\/figure><figure class='gallery-item'>\n\t\t\t<div class='gallery-icon portrait'>\n\t\t\t\t<a href='https:\/\/www.programapodcast.com.br\/v1\/2026\/04\/29\/legado-que-emociona-dr-lucinho-celebra-47-anos-do-labor-e-relembra-a-historia-que-marcou-itapetinga\/programa-podcast-lucinho-labor-dia-28-de-abril-de-2026-54\/'><img width=\"150\" height=\"150\" src=\"https:\/\/www.programapodcast.com.br\/v1\/wp-content\/uploads\/2026\/04\/PROGRAMA-PODCAST-LUCINHO-LABOR-DIA-28-DE-ABRIL-DE-2026-54-150x150.jpg\" class=\"attachment-thumbnail size-thumbnail\" alt=\"\" decoding=\"async\" loading=\"lazy\" srcset=\"https:\/\/www.programapodcast.com.br\/v1\/wp-content\/uploads\/2026\/04\/PROGRAMA-PODCAST-LUCINHO-LABOR-DIA-28-DE-ABRIL-DE-2026-54-150x150.jpg 150w, https:\/\/www.programapodcast.com.br\/v1\/wp-content\/uploads\/2026\/04\/PROGRAMA-PODCAST-LUCINHO-LABOR-DIA-28-DE-ABRIL-DE-2026-54-408x405.jpg 408w\" sizes=\"(max-width: 150px) 100vw, 150px\" \/><\/a>\n\t\t\t<\/div><\/figure><figure class='gallery-item'>\n\t\t\t<div class='gallery-icon portrait'>\n\t\t\t\t<a href='https:\/\/www.programapodcast.com.br\/v1\/2026\/04\/29\/legado-que-emociona-dr-lucinho-celebra-47-anos-do-labor-e-relembra-a-historia-que-marcou-itapetinga\/programa-podcast-lucinho-labor-dia-28-de-abril-de-2026-27\/'><img width=\"150\" height=\"150\" src=\"https:\/\/www.programapodcast.com.br\/v1\/wp-content\/uploads\/2026\/04\/PROGRAMA-PODCAST-LUCINHO-LABOR-DIA-28-DE-ABRIL-DE-2026-27-150x150.jpg\" class=\"attachment-thumbnail size-thumbnail\" alt=\"\" decoding=\"async\" loading=\"lazy\" \/><\/a>\n\t\t\t<\/div><\/figure><figure class='gallery-item'>\n\t\t\t<div class='gallery-icon portrait'>\n\t\t\t\t<a href='https:\/\/www.programapodcast.com.br\/v1\/2026\/04\/29\/legado-que-emociona-dr-lucinho-celebra-47-anos-do-labor-e-relembra-a-historia-que-marcou-itapetinga\/programa-podcast-lucinho-labor-dia-28-de-abril-de-2026-25\/'><img width=\"150\" height=\"150\" src=\"https:\/\/www.programapodcast.com.br\/v1\/wp-content\/uploads\/2026\/04\/PROGRAMA-PODCAST-LUCINHO-LABOR-DIA-28-DE-ABRIL-DE-2026-25-150x150.jpg\" class=\"attachment-thumbnail size-thumbnail\" alt=\"\" decoding=\"async\" loading=\"lazy\" \/><\/a>\n\t\t\t<\/div><\/figure><figure class='gallery-item'>\n\t\t\t<div class='gallery-icon portrait'>\n\t\t\t\t<a href='https:\/\/www.programapodcast.com.br\/v1\/2026\/04\/29\/legado-que-emociona-dr-lucinho-celebra-47-anos-do-labor-e-relembra-a-historia-que-marcou-itapetinga\/programa-podcast-lucinho-labor-dia-28-de-abril-de-2026-22\/'><img width=\"150\" height=\"150\" src=\"https:\/\/www.programapodcast.com.br\/v1\/wp-content\/uploads\/2026\/04\/PROGRAMA-PODCAST-LUCINHO-LABOR-DIA-28-DE-ABRIL-DE-2026-22-150x150.jpg\" class=\"attachment-thumbnail size-thumbnail\" alt=\"\" decoding=\"async\" loading=\"lazy\" \/><\/a>\n\t\t\t<\/div><\/figure><figure class='gallery-item'>\n\t\t\t<div class='gallery-icon portrait'>\n\t\t\t\t<a href='https:\/\/www.programapodcast.com.br\/v1\/2026\/04\/29\/legado-que-emociona-dr-lucinho-celebra-47-anos-do-labor-e-relembra-a-historia-que-marcou-itapetinga\/programa-podcast-lucinho-labor-dia-28-de-abril-de-2026-19\/'><img width=\"150\" height=\"150\" src=\"https:\/\/www.programapodcast.com.br\/v1\/wp-content\/uploads\/2026\/04\/PROGRAMA-PODCAST-LUCINHO-LABOR-DIA-28-DE-ABRIL-DE-2026-19-150x150.jpg\" class=\"attachment-thumbnail size-thumbnail\" alt=\"\" decoding=\"async\" loading=\"lazy\" \/><\/a>\n\t\t\t<\/div><\/figure><figure class='gallery-item'>\n\t\t\t<div class='gallery-icon portrait'>\n\t\t\t\t<a href='https:\/\/www.programapodcast.com.br\/v1\/2026\/04\/29\/legado-que-emociona-dr-lucinho-celebra-47-anos-do-labor-e-relembra-a-historia-que-marcou-itapetinga\/programa-podcast-lucinho-labor-dia-28-de-abril-de-2026-1\/'><img width=\"150\" height=\"150\" src=\"https:\/\/www.programapodcast.com.br\/v1\/wp-content\/uploads\/2026\/04\/PROGRAMA-PODCAST-LUCINHO-LABOR-DIA-28-DE-ABRIL-DE-2026-1-150x150.jpg\" class=\"attachment-thumbnail size-thumbnail\" alt=\"\" decoding=\"async\" loading=\"lazy\" \/><\/a>\n\t\t\t<\/div><\/figure><figure class='gallery-item'>\n\t\t\t<div class='gallery-icon portrait'>\n\t\t\t\t<a href='https:\/\/www.programapodcast.com.br\/v1\/2026\/04\/29\/legado-que-emociona-dr-lucinho-celebra-47-anos-do-labor-e-relembra-a-historia-que-marcou-itapetinga\/programa-podcast-lucinho-labor-dia-28-de-abril-de-2026-8\/'><img width=\"150\" height=\"150\" src=\"https:\/\/www.programapodcast.com.br\/v1\/wp-content\/uploads\/2026\/04\/PROGRAMA-PODCAST-LUCINHO-LABOR-DIA-28-DE-ABRIL-DE-2026-8-150x150.jpg\" class=\"attachment-thumbnail size-thumbnail\" alt=\"\" decoding=\"async\" loading=\"lazy\" \/><\/a>\n\t\t\t<\/div><\/figure>\n\t\t<\/div>\n\n","protected":false},"excerpt":{"rendered":"<p>Na noite da \u00faltima ter\u00e7a-feira (28), o Podcast da R\u00e1dio Fascina\u00e7\u00e3o FM 92.3 recebeu o empres\u00e1rio e biom\u00e9dico Dr. L\u00facio Borba J\u00fanior, o Dr. Lucinho, CEO do Laborat\u00f3rio Labor ISO 9001. A entrevista, conduzida por Sizinio Neto, Portelinha e C\u00e9sar Soares, levou aos ouvintes uma verdadeira viagem pela hist\u00f3ria de um dos mais tradicionais laborat\u00f3rios &hellip;<\/p>\n","protected":false},"author":3,"featured_media":19187,"comment_status":"closed","ping_status":"closed","sticky":false,"template":"","format":"standard","meta":{"_links_to":"","_links_to_target":""},"categories":[1],"tags":[],"views":24,"_links":{"self":[{"href":"https:\/\/www.programapodcast.com.br\/v1\/wp-json\/wp\/v2\/posts\/19176"}],"collection":[{"href":"https:\/\/www.programapodcast.com.br\/v1\/wp-json\/wp\/v2\/posts"}],"about":[{"href":"https:\/\/www.programapodcast.com.br\/v1\/wp-json\/wp\/v2\/types\/post"}],"author":[{"embeddable":true,"href":"https:\/\/www.programapodcast.com.br\/v1\/wp-json\/wp\/v2\/users\/3"}],"replies":[{"embeddable":true,"href":"https:\/\/www.programapodcast.com.br\/v1\/wp-json\/wp\/v2\/comments?post=19176"}],"version-history":[{"count":1,"href":"https:\/\/www.programapodcast.com.br\/v1\/wp-json\/wp\/v2\/posts\/19176\/revisions"}],"predecessor-version":[{"id":19188,"href":"https:\/\/www.programapodcast.com.br\/v1\/wp-json\/wp\/v2\/posts\/19176\/revisions\/19188"}],"wp:featuredmedia":[{"embeddable":true,"href":"https:\/\/www.programapodcast.com.br\/v1\/wp-json\/wp\/v2\/media\/19187"}],"wp:attachment":[{"href":"https:\/\/www.programapodcast.com.br\/v1\/wp-json\/wp\/v2\/media?parent=19176"}],"wp:term":[{"taxonomy":"category","embeddable":true,"href":"https:\/\/www.programapodcast.com.br\/v1\/wp-json\/wp\/v2\/categories?post=19176"},{"taxonomy":"post_tag","embeddable":true,"href":"https:\/\/www.programapodcast.com.br\/v1\/wp-json\/wp\/v2\/tags?post=19176"}],"curies":[{"name":"wp","href":"https:\/\/api.w.org\/{rel}","templated":true}]}}