{"id":19173,"date":"2026-04-27T11:36:05","date_gmt":"2026-04-27T14:36:05","guid":{"rendered":"https:\/\/www.programapodcast.com.br\/v1\/?p=19173"},"modified":"2026-04-27T11:36:05","modified_gmt":"2026-04-27T14:36:05","slug":"itapetinga-marca-presenca-no-12o-congresso-do-cosems-ba-principal-encontro-da-saude-publica-no-estado","status":"publish","type":"post","link":"https:\/\/www.programapodcast.com.br\/v1\/2026\/04\/27\/itapetinga-marca-presenca-no-12o-congresso-do-cosems-ba-principal-encontro-da-saude-publica-no-estado\/","title":{"rendered":"Itapetinga marca presen\u00e7a no 12\u00ba Congresso do Cosems-BA, principal encontro da sa\u00fade p\u00fablica no estado"},"content":{"rendered":"<p data-start=\"341\" data-end=\"693\"><span class=\"hover:entity-accent entity-underline inline cursor-pointer align-baseline\"><span class=\"whitespace-normal\">Itapetinga<\/span><\/span> esteve representada, neste fim de semana, no 12\u00ba Congresso do <span class=\"hover:entity-accent entity-underline inline cursor-pointer align-baseline\"><span class=\"whitespace-normal\">Cosems-BA<\/span><\/span>, reconhecido como o maior evento voltado \u00e0 sa\u00fade p\u00fablica na Bahia. A participa\u00e7\u00e3o evidencia o empenho da gest\u00e3o municipal na qualifica\u00e7\u00e3o dos servi\u00e7os oferecidos e no fortalecimento do Sistema \u00danico de Sa\u00fade (SUS).<\/p>\n<p data-start=\"695\" data-end=\"833\">Durante o evento, a equipe da sa\u00fade municipal apresentou dois projetos que destacam experi\u00eancias bem-sucedidas no atendimento \u00e0 popula\u00e7\u00e3o.<\/p>\n<p data-start=\"835\" data-end=\"1288\">O primeiro, intitulado <strong data-start=\"858\" data-end=\"948\">\u201cGest\u00e3o do processo de aprimoramento da sa\u00fade mental e qualidade de vida do indiv\u00edduo\u201d<\/strong>, evidenciou a\u00e7\u00f5es realizadas em toda a rede municipal com foco na preven\u00e7\u00e3o de transtornos, diminui\u00e7\u00e3o do estresse, enfrentamento ao ass\u00e9dio e promo\u00e7\u00e3o de um ambiente emocionalmente seguro e acolhedor. A iniciativa ressalta a relev\u00e2ncia de estrat\u00e9gias integradas voltadas \u00e0 sa\u00fade mental, um tema cada vez mais necess\u00e1rio no contexto atual.<\/p>\n<p data-start=\"1290\" data-end=\"1718\">J\u00e1 a equipe da E-Multi \u2014 composta por profissionais de diversas \u00e1reas \u2014 apresentou a import\u00e2ncia do programa na eleva\u00e7\u00e3o da qualidade de vida dos cidad\u00e3os. A atua\u00e7\u00e3o conjunta de especialistas como nutricionistas, fisioterapeutas, psic\u00f3logos e assistentes sociais tem ampliado a efetividade da Aten\u00e7\u00e3o Prim\u00e1ria, evitando encaminhamentos desnecess\u00e1rios e contribuindo diretamente para melhores resultados nos indicadores de sa\u00fade.<\/p>\n<p data-start=\"1720\" data-end=\"1909\">A equipe E-Multi de <span class=\"hover:entity-accent entity-underline inline cursor-pointer align-baseline\"><span class=\"whitespace-normal\">Itapetinga<\/span><\/span> vem se destacando pelo alto n\u00edvel de desempenho, sendo avaliada como \u201cNota 10\u201d conforme os indicadores da Aten\u00e7\u00e3o Prim\u00e1ria \u00e0 Sa\u00fade.<\/p>\n<p data-start=\"1911\" data-end=\"2329\" data-is-last-node=\"\" data-is-only-node=\"\">Para a secret\u00e1ria municipal de sa\u00fade, <span class=\"hover:entity-accent entity-underline inline cursor-pointer align-baseline\"><span class=\"whitespace-normal\">Myllena Orrico<\/span><\/span>, a presen\u00e7a no congresso \u00e9 essencial para o avan\u00e7o das pol\u00edticas p\u00fablicas locais. \u201cParticipar do Cosems-BA \u00e9 uma oportunidade de compartilhar experi\u00eancias, adquirir novos conhecimentos e apresentar o que estamos desenvolvendo em Itapetinga. \u00c9 dessa forma que fortalecemos o SUS, com di\u00e1logo, inova\u00e7\u00e3o e compromisso com a popula\u00e7\u00e3o\u201d, destacou.<\/p>\n","protected":false},"excerpt":{"rendered":"<p>Itapetinga esteve representada, neste fim de semana, no 12\u00ba Congresso do Cosems-BA, reconhecido como o maior evento voltado \u00e0 sa\u00fade p\u00fablica na Bahia. A participa\u00e7\u00e3o evidencia o empenho da gest\u00e3o municipal na qualifica\u00e7\u00e3o dos servi\u00e7os oferecidos e no fortalecimento do Sistema \u00danico de Sa\u00fade (SUS). Durante o evento, a equipe da sa\u00fade municipal apresentou dois &hellip;<\/p>\n","protected":false},"author":3,"featured_media":19174,"comment_status":"closed","ping_status":"closed","sticky":false,"template":"","format":"standard","meta":{"_links_to":"","_links_to_target":""},"categories":[18],"tags":[],"views":21,"_links":{"self":[{"href":"https:\/\/www.programapodcast.com.br\/v1\/wp-json\/wp\/v2\/posts\/19173"}],"collection":[{"href":"https:\/\/www.programapodcast.com.br\/v1\/wp-json\/wp\/v2\/posts"}],"about":[{"href":"https:\/\/www.programapodcast.com.br\/v1\/wp-json\/wp\/v2\/types\/post"}],"author":[{"embeddable":true,"href":"https:\/\/www.programapodcast.com.br\/v1\/wp-json\/wp\/v2\/users\/3"}],"replies":[{"embeddable":true,"href":"https:\/\/www.programapodcast.com.br\/v1\/wp-json\/wp\/v2\/comments?post=19173"}],"version-history":[{"count":1,"href":"https:\/\/www.programapodcast.com.br\/v1\/wp-json\/wp\/v2\/posts\/19173\/revisions"}],"predecessor-version":[{"id":19175,"href":"https:\/\/www.programapodcast.com.br\/v1\/wp-json\/wp\/v2\/posts\/19173\/revisions\/19175"}],"wp:featuredmedia":[{"embeddable":true,"href":"https:\/\/www.programapodcast.com.br\/v1\/wp-json\/wp\/v2\/media\/19174"}],"wp:attachment":[{"href":"https:\/\/www.programapodcast.com.br\/v1\/wp-json\/wp\/v2\/media?parent=19173"}],"wp:term":[{"taxonomy":"category","embeddable":true,"href":"https:\/\/www.programapodcast.com.br\/v1\/wp-json\/wp\/v2\/categories?post=19173"},{"taxonomy":"post_tag","embeddable":true,"href":"https:\/\/www.programapodcast.com.br\/v1\/wp-json\/wp\/v2\/tags?post=19173"}],"curies":[{"name":"wp","href":"https:\/\/api.w.org\/{rel}","templated":true}]}}