{"id":19166,"date":"2026-04-26T20:22:24","date_gmt":"2026-04-26T23:22:24","guid":{"rendered":"https:\/\/www.programapodcast.com.br\/v1\/?p=19166"},"modified":"2026-04-26T20:36:02","modified_gmt":"2026-04-26T23:36:02","slug":"eliene-portela-e-sizinio-neto-retornam-ao-comando-do-programa-podcast-nesta-segunda-27-o-cenario-do-radio-local-ganha-um-novo-folego-a-partir-desta-segunda-feira-27-de-abril-os-comunicadores","status":"publish","type":"post","link":"https:\/\/www.programapodcast.com.br\/v1\/2026\/04\/26\/eliene-portela-e-sizinio-neto-retornam-ao-comando-do-programa-podcast-nesta-segunda-27-o-cenario-do-radio-local-ganha-um-novo-folego-a-partir-desta-segunda-feira-27-de-abril-os-comunicadores\/","title":{"rendered":"Eliene Portela e Sizinio Neto retornam ao comando do programa &#8220;Podcast&#8221; nesta segunda (27)"},"content":{"rendered":"<p>O cen\u00e1rio do r\u00e1dio local ganha um novo f\u00f4lego a partir desta segunda-feira, 27 de abril. Os comunicadores Eliene Portela e Sizinio Neto reassumem a bancada do programa Podcast, unindo for\u00e7as com C\u00e9sar Soares para levar informa\u00e7\u00e3o e entretenimento aos ouvintes.<\/p>\n<p>A reestreia da dupla marca uma nova fase na programa\u00e7\u00e3o. Com a ida de Maur\u00edcio Gohmes para outra emissora , o novo trio assume a responsabilidade de conduzir o hor\u00e1rio das 19h com o dinamismo e a experi\u00eancia j\u00e1 conhecidos pelo p\u00fablico de Itapetinga.<br \/>\nA estrutura do programa continua focada na agilidade e no debate. Diariamente, o time conta com a participa\u00e7\u00e3o estrat\u00e9gica de Fl\u00e1vio Ferraz, que traz as an\u00e1lises dos principais acontecimentos da cidade, oferecendo uma vis\u00e3o aprofundada dos fatos.<br \/>\nO programa, transmitido pela R\u00e1dio Fascina\u00e7\u00e3o FM, refor\u00e7a o compromisso da emissora em oferecer uma grade diversificada e de alta qualidade.<\/p>\n","protected":false},"excerpt":{"rendered":"<p>O cen\u00e1rio do r\u00e1dio local ganha um novo f\u00f4lego a partir desta segunda-feira, 27 de abril. Os comunicadores Eliene Portela e Sizinio Neto reassumem a bancada do programa Podcast, unindo for\u00e7as com C\u00e9sar Soares para levar informa\u00e7\u00e3o e entretenimento aos ouvintes. A reestreia da dupla marca uma nova fase na programa\u00e7\u00e3o. Com a ida de &hellip;<\/p>\n","protected":false},"author":3,"featured_media":19167,"comment_status":"closed","ping_status":"closed","sticky":false,"template":"","format":"standard","meta":{"_links_to":"","_links_to_target":""},"categories":[13],"tags":[],"views":33,"_links":{"self":[{"href":"https:\/\/www.programapodcast.com.br\/v1\/wp-json\/wp\/v2\/posts\/19166"}],"collection":[{"href":"https:\/\/www.programapodcast.com.br\/v1\/wp-json\/wp\/v2\/posts"}],"about":[{"href":"https:\/\/www.programapodcast.com.br\/v1\/wp-json\/wp\/v2\/types\/post"}],"author":[{"embeddable":true,"href":"https:\/\/www.programapodcast.com.br\/v1\/wp-json\/wp\/v2\/users\/3"}],"replies":[{"embeddable":true,"href":"https:\/\/www.programapodcast.com.br\/v1\/wp-json\/wp\/v2\/comments?post=19166"}],"version-history":[{"count":5,"href":"https:\/\/www.programapodcast.com.br\/v1\/wp-json\/wp\/v2\/posts\/19166\/revisions"}],"predecessor-version":[{"id":19172,"href":"https:\/\/www.programapodcast.com.br\/v1\/wp-json\/wp\/v2\/posts\/19166\/revisions\/19172"}],"wp:featuredmedia":[{"embeddable":true,"href":"https:\/\/www.programapodcast.com.br\/v1\/wp-json\/wp\/v2\/media\/19167"}],"wp:attachment":[{"href":"https:\/\/www.programapodcast.com.br\/v1\/wp-json\/wp\/v2\/media?parent=19166"}],"wp:term":[{"taxonomy":"category","embeddable":true,"href":"https:\/\/www.programapodcast.com.br\/v1\/wp-json\/wp\/v2\/categories?post=19166"},{"taxonomy":"post_tag","embeddable":true,"href":"https:\/\/www.programapodcast.com.br\/v1\/wp-json\/wp\/v2\/tags?post=19166"}],"curies":[{"name":"wp","href":"https:\/\/api.w.org\/{rel}","templated":true}]}}