{"id":18815,"date":"2026-03-17T09:12:07","date_gmt":"2026-03-17T12:12:07","guid":{"rendered":"https:\/\/www.programapodcast.com.br\/v1\/?p=18815"},"modified":"2026-03-17T09:12:07","modified_gmt":"2026-03-17T12:12:07","slug":"radar-660-destaca-fe-tradicao-e-participacao-comunitaria-na-festa-de-sao-jose-em-itapetinga","status":"publish","type":"post","link":"https:\/\/www.programapodcast.com.br\/v1\/2026\/03\/17\/radar-660-destaca-fe-tradicao-e-participacao-comunitaria-na-festa-de-sao-jose-em-itapetinga\/","title":{"rendered":"Radar 660 destaca f\u00e9, tradi\u00e7\u00e3o e participa\u00e7\u00e3o comunit\u00e1ria na Festa de S\u00e3o Jos\u00e9 em Itapetinga"},"content":{"rendered":"<p data-start=\"517\" data-end=\"825\">O programa <strong data-start=\"528\" data-end=\"541\">Radar 660<\/strong>, da R\u00e1dio Jornal de Itapetinga, apresentado por Eliene\u00a0 Portela e com participa\u00e7\u00e3o de Gilson Vasconcelos, trouxe nesta semana uma entrevista especial com a advogada e mission\u00e1ria cat\u00f3lica <strong data-start=\"728\" data-end=\"763\">Lana Carla de Oliveira Carvalho<\/strong>, presidente da ala feminina da tradicional Festa de S\u00e3o Jos\u00e9.<\/p>\n<p data-start=\"827\" data-end=\"1155\">Durante o bate-papo, Lana Carla destacou a import\u00e2ncia da festividade para a cidade, ressaltando n\u00e3o apenas o car\u00e1ter religioso, mas tamb\u00e9m o fortalecimento do esp\u00edrito de comunidade entre os fi\u00e9is. Segundo ela, a festa deste ano tem sido marcada por uma forte participa\u00e7\u00e3o popular e por um sentimento renovado de pertencimento.<\/p>\n<p data-start=\"1157\" data-end=\"1379\">\u201cA festa est\u00e1 linda, animada e, acima de tudo, est\u00e1 despertando nas pessoas o sentimento de comunidade. Estamos vendo crian\u00e7as, jovens, adultos e idosos participando ativamente, cada um contribuindo da sua forma\u201d, afirmou.<\/p>\n<p data-start=\"1381\" data-end=\"1691\">A entrevistada tamb\u00e9m destacou a organiza\u00e7\u00e3o do evento, que conta com cerca de 15 equipes divididas entre as alas masculina e feminina, trabalhando de forma integrada sob a coordena\u00e7\u00e3o geral do p\u00e1roco, padre Valdo. A proposta, segundo ela, \u00e9 tornar a festa cada vez mais participativa, acolhedora e espiritual.<\/p>\n<p data-start=\"1693\" data-end=\"1969\">Outro ponto enfatizado foi o resgate da devo\u00e7\u00e3o a S\u00e3o Jos\u00e9, padroeiro de Itapetinga. Lana explicou que a comiss\u00e3o tem buscado aprofundar o conhecimento dos fi\u00e9is sobre a vida e o exemplo do santo, refor\u00e7ando valores como f\u00e9, coragem, cuidado com a fam\u00edlia e confian\u00e7a em Deus.<\/p>\n<p data-start=\"1971\" data-end=\"2216\">Al\u00e9m disso, a programa\u00e7\u00e3o deste ano traz novidades, como o fortalecimento da \u201cVila de S\u00e3o Jos\u00e9\u201d, com momentos de conviv\u00eancia e integra\u00e7\u00e3o, e a cria\u00e7\u00e3o da <strong data-start=\"2125\" data-end=\"2147\">Guarda de S\u00e3o Jos\u00e9<\/strong>, incentivando maior participa\u00e7\u00e3o masculina nas atividades da igreja.<\/p>\n<p data-start=\"2218\" data-end=\"2540\">A programa\u00e7\u00e3o festiva segue ao longo da semana com novenas, celebra\u00e7\u00f5es e a\u00e7\u00f5es solid\u00e1rias, culminando no dia 19 de mar\u00e7o, data dedicada ao padroeiro. Entre os destaques est\u00e3o a carreata com b\u00ean\u00e7\u00e3o dos ve\u00edculos, celebra\u00e7\u00f5es com participa\u00e7\u00e3o das crian\u00e7as e a tradicional prociss\u00e3o seguida de missa solene na Pra\u00e7a S\u00e3o Jos\u00e9.<\/p>\n<p data-start=\"2542\" data-end=\"2860\">Durante a entrevista, Lana Carla tamb\u00e9m compartilhou um pouco de sua trajet\u00f3ria pessoal, relatando a transi\u00e7\u00e3o da carreira jur\u00eddica para uma vida mais dedicada \u00e0 f\u00e9 e \u00e0 miss\u00e3o na Igreja Cat\u00f3lica. Segundo ela, a decis\u00e3o foi motivada por um chamado interior e pelo desejo de fortalecer sua fam\u00edlia e sua espiritualidade.<\/p>\n<p data-start=\"2862\" data-end=\"3071\">O programa Radar 660, mais uma vez, cumpriu seu papel de aproximar a comunidade dos temas relevantes do munic\u00edpio, levando informa\u00e7\u00e3o, reflex\u00e3o e valoriza\u00e7\u00e3o das tradi\u00e7\u00f5es culturais e religiosas de Itapetinga.<\/p>\n","protected":false},"excerpt":{"rendered":"<p>O programa Radar 660, da R\u00e1dio Jornal de Itapetinga, apresentado por Eliene\u00a0 Portela e com participa\u00e7\u00e3o de Gilson Vasconcelos, trouxe nesta semana uma entrevista especial com a advogada e mission\u00e1ria cat\u00f3lica Lana Carla de Oliveira Carvalho, presidente da ala feminina da tradicional Festa de S\u00e3o Jos\u00e9. Durante o bate-papo, Lana Carla destacou a import\u00e2ncia da &hellip;<\/p>\n","protected":false},"author":3,"featured_media":18816,"comment_status":"closed","ping_status":"closed","sticky":false,"template":"","format":"standard","meta":{"_links_to":"","_links_to_target":""},"categories":[1],"tags":[],"views":69,"_links":{"self":[{"href":"https:\/\/www.programapodcast.com.br\/v1\/wp-json\/wp\/v2\/posts\/18815"}],"collection":[{"href":"https:\/\/www.programapodcast.com.br\/v1\/wp-json\/wp\/v2\/posts"}],"about":[{"href":"https:\/\/www.programapodcast.com.br\/v1\/wp-json\/wp\/v2\/types\/post"}],"author":[{"embeddable":true,"href":"https:\/\/www.programapodcast.com.br\/v1\/wp-json\/wp\/v2\/users\/3"}],"replies":[{"embeddable":true,"href":"https:\/\/www.programapodcast.com.br\/v1\/wp-json\/wp\/v2\/comments?post=18815"}],"version-history":[{"count":1,"href":"https:\/\/www.programapodcast.com.br\/v1\/wp-json\/wp\/v2\/posts\/18815\/revisions"}],"predecessor-version":[{"id":18817,"href":"https:\/\/www.programapodcast.com.br\/v1\/wp-json\/wp\/v2\/posts\/18815\/revisions\/18817"}],"wp:featuredmedia":[{"embeddable":true,"href":"https:\/\/www.programapodcast.com.br\/v1\/wp-json\/wp\/v2\/media\/18816"}],"wp:attachment":[{"href":"https:\/\/www.programapodcast.com.br\/v1\/wp-json\/wp\/v2\/media?parent=18815"}],"wp:term":[{"taxonomy":"category","embeddable":true,"href":"https:\/\/www.programapodcast.com.br\/v1\/wp-json\/wp\/v2\/categories?post=18815"},{"taxonomy":"post_tag","embeddable":true,"href":"https:\/\/www.programapodcast.com.br\/v1\/wp-json\/wp\/v2\/tags?post=18815"}],"curies":[{"name":"wp","href":"https:\/\/api.w.org\/{rel}","templated":true}]}}