{"id":18746,"date":"2026-03-10T21:13:59","date_gmt":"2026-03-11T00:13:59","guid":{"rendered":"https:\/\/www.programapodcast.com.br\/v1\/?p=18746"},"modified":"2026-03-10T21:13:59","modified_gmt":"2026-03-11T00:13:59","slug":"eliene-chaves-destaca-atuacao-da-uniao-de-mulheres-de-itapetinga-em-entrevista-ao-radar-660","status":"publish","type":"post","link":"https:\/\/www.programapodcast.com.br\/v1\/2026\/03\/10\/eliene-chaves-destaca-atuacao-da-uniao-de-mulheres-de-itapetinga-em-entrevista-ao-radar-660\/","title":{"rendered":"Eliene Chaves destaca atua\u00e7\u00e3o da Uni\u00e3o de Mulheres de Itapetinga em entrevista ao Radar 660"},"content":{"rendered":"<p data-start=\"594\" data-end=\"981\">Em mais uma edi\u00e7\u00e3o marcada por informa\u00e7\u00e3o, sensibilidade e presta\u00e7\u00e3o de servi\u00e7o \u00e0 comunidade, o programa <strong data-start=\"699\" data-end=\"712\">Radar 660<\/strong>, da <strong data-start=\"717\" data-end=\"750\">R\u00e1dio Jornal AM de Itapetinga<\/strong>, recebeu a educadora <strong data-start=\"772\" data-end=\"797\">Eliene Moreira Chaves<\/strong> para uma entrevista especial sobre o papel da <strong data-start=\"844\" data-end=\"879\">Uni\u00e3o de Mulheres de Itapetinga<\/strong> na defesa dos direitos femininos e no fortalecimento das pol\u00edticas de prote\u00e7\u00e3o \u00e0 mulher no munic\u00edpio.<\/p>\n<p data-start=\"983\" data-end=\"1296\">Apresentado de <strong data-start=\"998\" data-end=\"1039\">segunda a sexta-feira, das 12h \u00e0s 13h<\/strong>, pelos comunicadores <strong data-start=\"1061\" data-end=\"1094\">Eliene Portela e Siz\u00ednio Neto<\/strong>, o <strong data-start=\"1098\" data-end=\"1111\">Radar 660<\/strong> abriu espa\u00e7o para um debate relevante, humano e necess\u00e1rio, destacando a import\u00e2ncia da conscientiza\u00e7\u00e3o, da preven\u00e7\u00e3o e do enfrentamento a todas as formas de viol\u00eancia contra a mulher.<\/p>\n<p data-start=\"1298\" data-end=\"1721\">Durante a entrevista, <strong data-start=\"1320\" data-end=\"1337\">Eliene Chaves<\/strong> ressaltou que a <strong data-start=\"1354\" data-end=\"1389\">Uni\u00e3o de Mulheres de Itapetinga<\/strong> nasceu do desejo coletivo de acolher, orientar e fortalecer mulheres da cidade e de toda a regi\u00e3o. Segundo ela, a entidade, que j\u00e1 atua de forma institucional h\u00e1 quase tr\u00eas anos, tem ampliado sua presen\u00e7a por meio de rodas de conversa, palestras, a\u00e7\u00f5es comunit\u00e1rias, bazares solid\u00e1rios e atividades educativas em escolas e bairros.<\/p>\n<p data-start=\"1723\" data-end=\"2060\">A educadora tamb\u00e9m destacou que o trabalho da institui\u00e7\u00e3o vai al\u00e9m da den\u00fancia, buscando investir na <strong data-start=\"1824\" data-end=\"1869\">informa\u00e7\u00e3o como instrumento de liberta\u00e7\u00e3o<\/strong> e na <strong data-start=\"1875\" data-end=\"1929\">educa\u00e7\u00e3o como caminho para transformar a sociedade<\/strong>, especialmente no que diz respeito \u00e0 forma\u00e7\u00e3o de meninos e jovens para uma cultura de respeito, igualdade e valoriza\u00e7\u00e3o da mulher.<\/p>\n<p data-start=\"2062\" data-end=\"2529\">Outro ponto importante abordado na entrevista foi a exist\u00eancia, em Itapetinga, de uma <strong data-start=\"2148\" data-end=\"2180\">rede de prote\u00e7\u00e3o estruturada<\/strong>, formada por \u00f3rg\u00e3os e institui\u00e7\u00f5es que atuam em parceria no acolhimento e na defesa das mulheres v\u00edtimas de viol\u00eancia. Entre esses mecanismos, foram citados o <strong data-start=\"2340\" data-end=\"2374\">Centro de Refer\u00eancia da Mulher<\/strong>, o <strong data-start=\"2378\" data-end=\"2386\">NEAM<\/strong>, o <strong data-start=\"2390\" data-end=\"2399\">CREAS<\/strong>, a <strong data-start=\"2403\" data-end=\"2423\">Guarda Municipal<\/strong>, a <strong data-start=\"2427\" data-end=\"2444\">Pol\u00edcia Civil<\/strong>, a <strong data-start=\"2448\" data-end=\"2467\">Pol\u00edcia Militar<\/strong>, al\u00e9m do apoio do <strong data-start=\"2486\" data-end=\"2500\">Judici\u00e1rio<\/strong> e do <strong data-start=\"2506\" data-end=\"2528\">Minist\u00e9rio P\u00fablico<\/strong>.<\/p>\n<p data-start=\"2531\" data-end=\"2967\">Com forte carga de emo\u00e7\u00e3o e compromisso social, o programa tamb\u00e9m evidenciou o papel do r\u00e1dio como ferramenta de utilidade p\u00fablica, acolhimento e mobiliza\u00e7\u00e3o popular. Ao longo da conversa, as falas dos apresentadores refor\u00e7aram a necessidade de unir esfor\u00e7os entre poder p\u00fablico, entidades, fam\u00edlias e sociedade civil para combater n\u00e3o apenas a viol\u00eancia f\u00edsica, mas tamb\u00e9m a viol\u00eancia psicol\u00f3gica, moral, patrimonial, sexual e vic\u00e1ria.<\/p>\n<p data-start=\"2969\" data-end=\"3218\">Eliene Chaves aproveitou o espa\u00e7o para convidar mais mulheres a integrarem a <strong data-start=\"3046\" data-end=\"3081\">Uni\u00e3o de Mulheres de Itapetinga<\/strong>, destacando que o grupo se re\u00fane semanalmente e mant\u00e9m atua\u00e7\u00e3o permanente em defesa da dignidade, da prote\u00e7\u00e3o e da valoriza\u00e7\u00e3o feminina.<\/p>\n<p data-start=\"3220\" data-end=\"3412\">A entrevista reafirmou o compromisso do <strong data-start=\"3260\" data-end=\"3273\">Radar 660<\/strong> com temas de interesse p\u00fablico e mostrou, mais uma vez, a for\u00e7a do r\u00e1dio regional como canal de escuta, orienta\u00e7\u00e3o e transforma\u00e7\u00e3o social.<\/p>\n","protected":false},"excerpt":{"rendered":"<p>Em mais uma edi\u00e7\u00e3o marcada por informa\u00e7\u00e3o, sensibilidade e presta\u00e7\u00e3o de servi\u00e7o \u00e0 comunidade, o programa Radar 660, da R\u00e1dio Jornal AM de Itapetinga, recebeu a educadora Eliene Moreira Chaves para uma entrevista especial sobre o papel da Uni\u00e3o de Mulheres de Itapetinga na defesa dos direitos femininos e no fortalecimento das pol\u00edticas de prote\u00e7\u00e3o &hellip;<\/p>\n","protected":false},"author":3,"featured_media":18747,"comment_status":"closed","ping_status":"closed","sticky":false,"template":"","format":"standard","meta":{"_links_to":"","_links_to_target":""},"categories":[13],"tags":[],"views":62,"_links":{"self":[{"href":"https:\/\/www.programapodcast.com.br\/v1\/wp-json\/wp\/v2\/posts\/18746"}],"collection":[{"href":"https:\/\/www.programapodcast.com.br\/v1\/wp-json\/wp\/v2\/posts"}],"about":[{"href":"https:\/\/www.programapodcast.com.br\/v1\/wp-json\/wp\/v2\/types\/post"}],"author":[{"embeddable":true,"href":"https:\/\/www.programapodcast.com.br\/v1\/wp-json\/wp\/v2\/users\/3"}],"replies":[{"embeddable":true,"href":"https:\/\/www.programapodcast.com.br\/v1\/wp-json\/wp\/v2\/comments?post=18746"}],"version-history":[{"count":1,"href":"https:\/\/www.programapodcast.com.br\/v1\/wp-json\/wp\/v2\/posts\/18746\/revisions"}],"predecessor-version":[{"id":18748,"href":"https:\/\/www.programapodcast.com.br\/v1\/wp-json\/wp\/v2\/posts\/18746\/revisions\/18748"}],"wp:featuredmedia":[{"embeddable":true,"href":"https:\/\/www.programapodcast.com.br\/v1\/wp-json\/wp\/v2\/media\/18747"}],"wp:attachment":[{"href":"https:\/\/www.programapodcast.com.br\/v1\/wp-json\/wp\/v2\/media?parent=18746"}],"wp:term":[{"taxonomy":"category","embeddable":true,"href":"https:\/\/www.programapodcast.com.br\/v1\/wp-json\/wp\/v2\/categories?post=18746"},{"taxonomy":"post_tag","embeddable":true,"href":"https:\/\/www.programapodcast.com.br\/v1\/wp-json\/wp\/v2\/tags?post=18746"}],"curies":[{"name":"wp","href":"https:\/\/api.w.org\/{rel}","templated":true}]}}