{"id":18739,"date":"2026-03-08T21:17:40","date_gmt":"2026-03-09T00:17:40","guid":{"rendered":"https:\/\/www.programapodcast.com.br\/v1\/?p=18739"},"modified":"2026-03-08T21:17:40","modified_gmt":"2026-03-09T00:17:40","slug":"prefeito-eduardo-hagge-e-o-convidado-desta-segunda-feira-no-podcast-92-3","status":"publish","type":"post","link":"https:\/\/www.programapodcast.com.br\/v1\/2026\/03\/08\/prefeito-eduardo-hagge-e-o-convidado-desta-segunda-feira-no-podcast-92-3\/","title":{"rendered":"Prefeito Eduardo Hagge \u00e9 o convidado desta segunda-feira no Podcast 92.3"},"content":{"rendered":"<p data-start=\"78\" data-end=\"291\">O <strong data-start=\"80\" data-end=\"96\">Podcast 92.3<\/strong>, um dos programas de maior audi\u00eancia do r\u00e1dio e das plataformas digitais em Itapetinga e regi\u00e3o, recebe nesta <strong data-start=\"207\" data-end=\"245\">segunda-feira, 09 de mar\u00e7o, \u00e0s 19h<\/strong>, o <strong data-start=\"249\" data-end=\"290\">prefeito de Itapetinga, Eduardo Hagge<\/strong>.<\/p>\n<p data-start=\"293\" data-end=\"573\">O programa vai ao ar <strong data-start=\"314\" data-end=\"389\">de segunda a sexta-feira, das 19h \u00e0s 21h, pela R\u00e1dio Fascina\u00e7\u00e3o FM 92,3<\/strong>, com transmiss\u00e3o tamb\u00e9m pelo <strong data-start=\"419\" data-end=\"443\">YouTube da TV Catol\u00e9<\/strong>, consolidando-se como um espa\u00e7o importante de entrevistas, an\u00e1lises e debates sobre os principais assuntos da cidade e da regi\u00e3o.<\/p>\n<p data-start=\"575\" data-end=\"756\">A apresenta\u00e7\u00e3o \u00e9 dos comunicadores <strong data-start=\"610\" data-end=\"628\">Maur\u00edcio Gomes<\/strong> e <strong data-start=\"631\" data-end=\"647\">C\u00e9sar Soares<\/strong>, com coment\u00e1rios de <strong data-start=\"668\" data-end=\"685\">Fl\u00e1vio Ferraz<\/strong>, trazendo ao p\u00fablico entrevistas relevantes e discuss\u00f5es qualificadas.<\/p>\n<p data-start=\"758\" data-end=\"1069\" data-is-last-node=\"\" data-is-only-node=\"\">Nesta edi\u00e7\u00e3o, a expectativa \u00e9 de uma conversa sobre os principais temas da administra\u00e7\u00e3o municipal e os projetos que est\u00e3o em andamento em <strong data-start=\"897\" data-end=\"911\">Itapetinga<\/strong>. O <strong data-start=\"915\" data-end=\"931\">Podcast 92.3<\/strong> se destaca como <strong data-start=\"948\" data-end=\"987\">campe\u00e3o de audi\u00eancia em seu formato<\/strong>, reunindo diariamente grande p\u00fablico no r\u00e1dio e nas plataformas digitais.<\/p>\n<p data-start=\"758\" data-end=\"1069\" data-is-last-node=\"\" data-is-only-node=\"\">\n","protected":false},"excerpt":{"rendered":"<p>O Podcast 92.3, um dos programas de maior audi\u00eancia do r\u00e1dio e das plataformas digitais em Itapetinga e regi\u00e3o, recebe nesta segunda-feira, 09 de mar\u00e7o, \u00e0s 19h, o prefeito de Itapetinga, Eduardo Hagge. O programa vai ao ar de segunda a sexta-feira, das 19h \u00e0s 21h, pela R\u00e1dio Fascina\u00e7\u00e3o FM 92,3, com transmiss\u00e3o tamb\u00e9m pelo &hellip;<\/p>\n","protected":false},"author":3,"featured_media":18740,"comment_status":"closed","ping_status":"closed","sticky":false,"template":"","format":"standard","meta":{"_links_to":"","_links_to_target":""},"categories":[12],"tags":[],"views":82,"_links":{"self":[{"href":"https:\/\/www.programapodcast.com.br\/v1\/wp-json\/wp\/v2\/posts\/18739"}],"collection":[{"href":"https:\/\/www.programapodcast.com.br\/v1\/wp-json\/wp\/v2\/posts"}],"about":[{"href":"https:\/\/www.programapodcast.com.br\/v1\/wp-json\/wp\/v2\/types\/post"}],"author":[{"embeddable":true,"href":"https:\/\/www.programapodcast.com.br\/v1\/wp-json\/wp\/v2\/users\/3"}],"replies":[{"embeddable":true,"href":"https:\/\/www.programapodcast.com.br\/v1\/wp-json\/wp\/v2\/comments?post=18739"}],"version-history":[{"count":1,"href":"https:\/\/www.programapodcast.com.br\/v1\/wp-json\/wp\/v2\/posts\/18739\/revisions"}],"predecessor-version":[{"id":18741,"href":"https:\/\/www.programapodcast.com.br\/v1\/wp-json\/wp\/v2\/posts\/18739\/revisions\/18741"}],"wp:featuredmedia":[{"embeddable":true,"href":"https:\/\/www.programapodcast.com.br\/v1\/wp-json\/wp\/v2\/media\/18740"}],"wp:attachment":[{"href":"https:\/\/www.programapodcast.com.br\/v1\/wp-json\/wp\/v2\/media?parent=18739"}],"wp:term":[{"taxonomy":"category","embeddable":true,"href":"https:\/\/www.programapodcast.com.br\/v1\/wp-json\/wp\/v2\/categories?post=18739"},{"taxonomy":"post_tag","embeddable":true,"href":"https:\/\/www.programapodcast.com.br\/v1\/wp-json\/wp\/v2\/tags?post=18739"}],"curies":[{"name":"wp","href":"https:\/\/api.w.org\/{rel}","templated":true}]}}