{"id":18724,"date":"2026-03-07T11:02:20","date_gmt":"2026-03-07T14:02:20","guid":{"rendered":"https:\/\/www.programapodcast.com.br\/v1\/?p=18724"},"modified":"2026-03-07T11:02:20","modified_gmt":"2026-03-07T14:02:20","slug":"gestao-eduardo-hagge-reforca-transparencia-e-responsabilidade-administrativa-em-entrevista-na-radio-fascinacao","status":"publish","type":"post","link":"https:\/\/www.programapodcast.com.br\/v1\/2026\/03\/07\/gestao-eduardo-hagge-reforca-transparencia-e-responsabilidade-administrativa-em-entrevista-na-radio-fascinacao\/","title":{"rendered":"Gest\u00e3o Eduardo Hagge refor\u00e7a transpar\u00eancia e responsabilidade administrativa em entrevista na R\u00e1dio Fascina\u00e7\u00e3o"},"content":{"rendered":"<p data-start=\"392\" data-end=\"923\">A gest\u00e3o do prefeito <strong data-start=\"413\" data-end=\"430\">Eduardo Hagge<\/strong> voltou a demonstrar seu compromisso com a <strong data-start=\"473\" data-end=\"541\">transpar\u00eancia administrativa e a presta\u00e7\u00e3o de contas \u00e0 popula\u00e7\u00e3o<\/strong> durante entrevista concedida no programa <strong data-start=\"583\" data-end=\"621\">Na Boca do Povo Especial de S\u00e1bado<\/strong>, da <strong data-start=\"626\" data-end=\"649\">R\u00e1dio Fascina\u00e7\u00e3o FM<\/strong>. Participaram da conversa a <strong data-start=\"678\" data-end=\"727\">procuradora do munic\u00edpio, Dra. Rosane de Deus<\/strong>, e o <strong data-start=\"733\" data-end=\"779\">secret\u00e1rio de Finan\u00e7as, Dr. Wadson Barreto<\/strong>, em entrevista conduzida pelos comunicadores <strong data-start=\"825\" data-end=\"847\">Jos\u00e9 Elias Ribeiro<\/strong> e <strong data-start=\"850\" data-end=\"867\">Bony Cordeiro<\/strong>, com apoio de <strong data-start=\"882\" data-end=\"904\">Gilson Vasconcelos<\/strong>, da <strong data-start=\"909\" data-end=\"922\">TV Catol\u00e9<\/strong>.<\/p>\n<p data-start=\"925\" data-end=\"1209\">Durante a entrevista, os representantes do governo municipal esclareceram diversos temas de interesse p\u00fablico, entre eles a situa\u00e7\u00e3o financeira da Prefeitura, o pagamento de fornecedores, o impacto dos precat\u00f3rios e a situa\u00e7\u00e3o jur\u00eddica envolvendo o antigo <strong data-start=\"1181\" data-end=\"1208\">Hospital Virg\u00ednia Hagge<\/strong>.<\/p>\n<p data-start=\"1211\" data-end=\"1632\">O secret\u00e1rio de Finan\u00e7as, <strong data-start=\"1237\" data-end=\"1255\">Wadson Barreto<\/strong>, explicou que a atual gest\u00e3o encontrou passivos e compromissos herdados de administra\u00e7\u00f5es anteriores, mas tem trabalhado com responsabilidade para reorganizar as contas do munic\u00edpio. Como resultado desse esfor\u00e7o, Itapetinga voltou a obter a <strong data-start=\"1497\" data-end=\"1535\">Certid\u00e3o Negativa de D\u00e9bitos (CND)<\/strong>, documento essencial para garantir regularidade fiscal e possibilitar conv\u00eanios e investimentos.<\/p>\n<p data-start=\"1634\" data-end=\"2075\">J\u00e1 a procuradora do munic\u00edpio, <strong data-start=\"1665\" data-end=\"1683\">Rosane de Deus<\/strong>, detalhou quest\u00f5es jur\u00eddicas relevantes enfrentadas pela administra\u00e7\u00e3o, destacando que muitos dos desafios atuais decorrem de processos e decis\u00f5es acumuladas ao longo dos anos. Segundo ela, a orienta\u00e7\u00e3o do prefeito Eduardo Hagge \u00e9 buscar <strong data-start=\"1922\" data-end=\"2002\">solu\u00e7\u00f5es definitivas, com seguran\u00e7a jur\u00eddica e respeito ao interesse p\u00fablico<\/strong>, evitando prolongar conflitos ou adotar medidas meramente protelat\u00f3rias.<\/p>\n<p data-start=\"2077\" data-end=\"2361\">A procuradora tamb\u00e9m ressaltou que a gest\u00e3o tem adotado rigor t\u00e9cnico e legal em todos os procedimentos administrativos, inclusive na revis\u00e3o de processos licitat\u00f3rios, garantindo que cada decis\u00e3o seja tomada com base na legalidade, na transpar\u00eancia e na defesa do patrim\u00f4nio p\u00fablico.<\/p>\n<p data-start=\"2363\" data-end=\"2648\">Ao final da entrevista, tanto a procuradora quanto o secret\u00e1rio reafirmaram que o governo municipal continuar\u00e1 atuando com <strong data-start=\"2486\" data-end=\"2558\">responsabilidade fiscal, legalidade e di\u00e1logo aberto com a sociedade<\/strong>, enfrentando os desafios com seriedade e compromisso com o desenvolvimento de Itapetinga.<\/p>\n<p data-start=\"2363\" data-end=\"2648\"><img decoding=\"async\" loading=\"lazy\" class=\"alignnone size-full wp-image-18727\" src=\"https:\/\/www.programapodcast.com.br\/v1\/wp-content\/uploads\/2026\/03\/992fa96d-ac80-4e45-aaac-29b80f81c1f5.jpeg\" alt=\"\" width=\"770\" height=\"434\" srcset=\"https:\/\/www.programapodcast.com.br\/v1\/wp-content\/uploads\/2026\/03\/992fa96d-ac80-4e45-aaac-29b80f81c1f5.jpeg 770w, https:\/\/www.programapodcast.com.br\/v1\/wp-content\/uploads\/2026\/03\/992fa96d-ac80-4e45-aaac-29b80f81c1f5-300x169.jpeg 300w, https:\/\/www.programapodcast.com.br\/v1\/wp-content\/uploads\/2026\/03\/992fa96d-ac80-4e45-aaac-29b80f81c1f5-768x433.jpeg 768w, https:\/\/www.programapodcast.com.br\/v1\/wp-content\/uploads\/2026\/03\/992fa96d-ac80-4e45-aaac-29b80f81c1f5-390x220.jpeg 390w\" sizes=\"(max-width: 770px) 100vw, 770px\" \/><\/p>\n<p data-start=\"2363\" data-end=\"2648\">\n","protected":false},"excerpt":{"rendered":"<p>A gest\u00e3o do prefeito Eduardo Hagge voltou a demonstrar seu compromisso com a transpar\u00eancia administrativa e a presta\u00e7\u00e3o de contas \u00e0 popula\u00e7\u00e3o durante entrevista concedida no programa Na Boca do Povo Especial de S\u00e1bado, da R\u00e1dio Fascina\u00e7\u00e3o FM. Participaram da conversa a procuradora do munic\u00edpio, Dra. Rosane de Deus, e o secret\u00e1rio de Finan\u00e7as, Dr. &hellip;<\/p>\n","protected":false},"author":3,"featured_media":18726,"comment_status":"closed","ping_status":"closed","sticky":false,"template":"","format":"standard","meta":{"_links_to":"","_links_to_target":""},"categories":[13],"tags":[],"views":101,"_links":{"self":[{"href":"https:\/\/www.programapodcast.com.br\/v1\/wp-json\/wp\/v2\/posts\/18724"}],"collection":[{"href":"https:\/\/www.programapodcast.com.br\/v1\/wp-json\/wp\/v2\/posts"}],"about":[{"href":"https:\/\/www.programapodcast.com.br\/v1\/wp-json\/wp\/v2\/types\/post"}],"author":[{"embeddable":true,"href":"https:\/\/www.programapodcast.com.br\/v1\/wp-json\/wp\/v2\/users\/3"}],"replies":[{"embeddable":true,"href":"https:\/\/www.programapodcast.com.br\/v1\/wp-json\/wp\/v2\/comments?post=18724"}],"version-history":[{"count":1,"href":"https:\/\/www.programapodcast.com.br\/v1\/wp-json\/wp\/v2\/posts\/18724\/revisions"}],"predecessor-version":[{"id":18728,"href":"https:\/\/www.programapodcast.com.br\/v1\/wp-json\/wp\/v2\/posts\/18724\/revisions\/18728"}],"wp:featuredmedia":[{"embeddable":true,"href":"https:\/\/www.programapodcast.com.br\/v1\/wp-json\/wp\/v2\/media\/18726"}],"wp:attachment":[{"href":"https:\/\/www.programapodcast.com.br\/v1\/wp-json\/wp\/v2\/media?parent=18724"}],"wp:term":[{"taxonomy":"category","embeddable":true,"href":"https:\/\/www.programapodcast.com.br\/v1\/wp-json\/wp\/v2\/categories?post=18724"},{"taxonomy":"post_tag","embeddable":true,"href":"https:\/\/www.programapodcast.com.br\/v1\/wp-json\/wp\/v2\/tags?post=18724"}],"curies":[{"name":"wp","href":"https:\/\/api.w.org\/{rel}","templated":true}]}}