{"id":18702,"date":"2026-03-05T19:43:13","date_gmt":"2026-03-05T22:43:13","guid":{"rendered":"https:\/\/www.programapodcast.com.br\/v1\/?p=18702"},"modified":"2026-03-05T19:43:13","modified_gmt":"2026-03-05T22:43:13","slug":"airton-ferraz-destaca-avancos-do-saae-e-articulacao-politica-do-mdb-durante-entrevista-no-podcast-92-3","status":"publish","type":"post","link":"https:\/\/www.programapodcast.com.br\/v1\/2026\/03\/05\/airton-ferraz-destaca-avancos-do-saae-e-articulacao-politica-do-mdb-durante-entrevista-no-podcast-92-3\/","title":{"rendered":"Airton Ferraz destaca avan\u00e7os do SAAE e articula\u00e7\u00e3o pol\u00edtica do MDB durante entrevista no Podcast 92.3"},"content":{"rendered":"<p data-start=\"537\" data-end=\"930\">Durante entrevista concedida nesta quarta-feira ao <strong data-start=\"588\" data-end=\"604\">Podcast 92.3<\/strong>, da R\u00e1dio Fascina\u00e7\u00e3o FM, o diretor do Servi\u00e7o Aut\u00f4nomo de \u00c1gua e Esgoto (SAAE) e presidente do MDB de Itapetinga, <strong data-start=\"719\" data-end=\"740\">Dr. Airton Ferraz<\/strong>, apresentou um panorama das a\u00e7\u00f5es da autarquia, comentou a articula\u00e7\u00e3o pol\u00edtica do partido para as elei\u00e7\u00f5es de 2026 e destacou o momento de crescimento e protagonismo vivido pelo munic\u00edpio.<\/p>\n<p data-start=\"932\" data-end=\"1167\">A entrevista foi conduzida pelos comunicadores <strong data-start=\"979\" data-end=\"1012\">Maur\u00edcio Gomes e C\u00e9sar Soares<\/strong>, com participa\u00e7\u00e3o do comentarista pol\u00edtico <strong data-start=\"1056\" data-end=\"1073\">Fl\u00e1vio Ferraz<\/strong>, e abordou temas que v\u00e3o desde a gest\u00e3o do saneamento b\u00e1sico at\u00e9 o cen\u00e1rio pol\u00edtico regional.<\/p>\n<h2 data-section-id=\"7xxkij\" data-start=\"1169\" data-end=\"1222\">Gest\u00e3o e investimentos no sistema de \u00e1gua e esgoto<\/h2>\n<p data-start=\"1224\" data-end=\"1396\">Airton Ferraz destacou que o SAAE tem buscado fortalecer o sistema de abastecimento de \u00e1gua do munic\u00edpio por meio de investimentos em infraestrutura e planejamento t\u00e9cnico.<\/p>\n<p data-start=\"1398\" data-end=\"1649\">Entre as a\u00e7\u00f5es mencionadas est\u00e1 a substitui\u00e7\u00e3o de importantes trechos da rede de abastecimento, especialmente na Avenida Gilberto Moraes (antiga C\u00e9sar Borges), obra considerada estrat\u00e9gica para evitar vazamentos e garantir maior seguran\u00e7a operacional.<\/p>\n<p data-start=\"1651\" data-end=\"1706\">Segundo ele, a interven\u00e7\u00e3o trouxe resultados imediatos.<\/p>\n<blockquote data-start=\"1708\" data-end=\"1929\">\n<p data-start=\"1710\" data-end=\"1929\">\u201cDepois que realizamos a substitui\u00e7\u00e3o da tubula\u00e7\u00e3o naquela regi\u00e3o, o sistema ganhou mais seguran\u00e7a. Antes havia muitos vazamentos e at\u00e9 a equipe t\u00e9cnica vivia em alerta. Hoje a situa\u00e7\u00e3o \u00e9 muito mais tranquila\u201d, afirmou.<\/p>\n<\/blockquote>\n<p data-start=\"1931\" data-end=\"2232\">O diretor tamb\u00e9m revelou que novos investimentos est\u00e3o em andamento para refor\u00e7ar o sistema de abastecimento em diferentes bairros da cidade, incluindo melhorias no bairro <strong data-start=\"2103\" data-end=\"2128\">Moradas do Bem-Querer<\/strong>, onde ser\u00e1 implantado um reservat\u00f3rio elevado para garantir maior estabilidade no fornecimento de \u00e1gua.<\/p>\n<p data-start=\"2234\" data-end=\"2495\">Al\u00e9m disso, o SAAE tem ampliado a rede de esgotamento sanit\u00e1rio em diversas \u00e1reas do munic\u00edpio. Um exemplo citado foi o <strong data-start=\"2354\" data-end=\"2379\">bairro Nova Esperan\u00e7a<\/strong>, onde est\u00e3o sendo implantados cerca de <strong data-start=\"2419\" data-end=\"2460\">2.600 metros de rede de \u00e1gua e esgoto<\/strong>, ampliando a cobertura do servi\u00e7o.<\/p>\n<p data-start=\"2497\" data-end=\"2569\">Airton ressaltou ainda a import\u00e2ncia de planejamento urbano respons\u00e1vel.<\/p>\n<blockquote data-start=\"2571\" data-end=\"2799\">\n<p data-start=\"2573\" data-end=\"2799\">\u201cN\u00e3o podemos permitir loteamentos irregulares sem infraestrutura. Quem empreende precisa garantir rede de \u00e1gua, esgoto e urbaniza\u00e7\u00e3o. A cidade s\u00f3 cresce de forma organizada quando se respeita a lei e o planejamento\u201d, destacou.<\/p>\n<\/blockquote>\n<h2 data-section-id=\"rhs8bd\" data-start=\"2801\" data-end=\"2843\">Articula\u00e7\u00e3o pol\u00edtica e elei\u00e7\u00f5es de 2026<\/h2>\n<p data-start=\"2845\" data-end=\"2967\">Na condi\u00e7\u00e3o de presidente do MDB em Itapetinga, Airton Ferraz tamb\u00e9m comentou o cen\u00e1rio pol\u00edtico para as elei\u00e7\u00f5es de 2026.<\/p>\n<p data-start=\"2969\" data-end=\"3163\">Ele confirmou que o grupo pol\u00edtico liderado pelo prefeito <strong data-start=\"3027\" data-end=\"3044\">Eduardo Hagge<\/strong> apoia as pr\u00e9-candidaturas de <strong data-start=\"3074\" data-end=\"3116\">Carlinhos Sobral para deputado estadual<\/strong> e <strong data-start=\"3119\" data-end=\"3162\">Jaime Vieira Lima para deputado federal<\/strong>.<\/p>\n<p data-start=\"3165\" data-end=\"3278\">Segundo ele, a escolha dos nomes seguiu dois crit\u00e9rios principais: identidade partid\u00e1ria e viabilidade eleitoral.<\/p>\n<blockquote data-start=\"3280\" data-end=\"3501\">\n<p data-start=\"3282\" data-end=\"3501\">\u201cO prefeito Eduardo entendeu que os candidatos deveriam ser do MDB e que tamb\u00e9m precisavam ter viabilidade real de elei\u00e7\u00e3o. Por isso foram escolhidos dois nomes com capacidade pol\u00edtica e articula\u00e7\u00e3o estadual\u201d, explicou.<\/p>\n<\/blockquote>\n<p data-start=\"3503\" data-end=\"3641\">Airton destacou que Carlinhos Sobral j\u00e1 possui forte articula\u00e7\u00e3o em diversos munic\u00edpios da Bahia e tem constru\u00eddo uma base s\u00f3lida de apoio.<\/p>\n<p data-start=\"3643\" data-end=\"3770\">De acordo com ele, em Itapetinga j\u00e1 existe um grupo amplo de lideran\u00e7as pol\u00edticas, comunit\u00e1rias e sociais que apoiam o projeto.<\/p>\n<blockquote data-start=\"3772\" data-end=\"3961\">\n<p data-start=\"3774\" data-end=\"3961\">\u201cEstamos formando um grupo forte. Na primeira rodada de articula\u00e7\u00f5es j\u00e1 apresentamos mais de 30 lideran\u00e7as que se colocaram \u00e0 disposi\u00e7\u00e3o para participar desse processo pol\u00edtico\u201d, afirmou.<\/p>\n<\/blockquote>\n<h2 data-section-id=\"13gp27f\" data-start=\"3963\" data-end=\"4001\">Protagonismo regional de Itapetinga<\/h2>\n<p data-start=\"4003\" data-end=\"4188\">Durante a entrevista, Airton tamb\u00e9m ressaltou o momento de destaque vivido por Itapetinga no cen\u00e1rio regional, citando obras estruturantes anunciadas recentemente pelo Governo da Bahia.<\/p>\n<p data-start=\"4190\" data-end=\"4403\">Entre elas est\u00e3o a constru\u00e7\u00e3o do <strong data-start=\"4223\" data-end=\"4258\">Hospital Regional de Itapetinga<\/strong>, considerada uma das maiores obras p\u00fablicas da hist\u00f3ria do munic\u00edpio, al\u00e9m da <strong data-start=\"4337\" data-end=\"4361\">Policl\u00ednica Regional<\/strong>, que est\u00e1 em fase avan\u00e7ada de constru\u00e7\u00e3o.<\/p>\n<p data-start=\"4405\" data-end=\"4497\">Para ele, essas iniciativas refor\u00e7am o papel estrat\u00e9gico da cidade no M\u00e9dio Sudoeste baiano.<\/p>\n<blockquote data-start=\"4499\" data-end=\"4650\">\n<p data-start=\"4501\" data-end=\"4650\">\u201cItapetinga \u00e9 a maior cidade do territ\u00f3rio e tem localiza\u00e7\u00e3o estrat\u00e9gica. Essas obras n\u00e3o beneficiam apenas o munic\u00edpio, mas toda a regi\u00e3o\u201d, pontuou.<\/p>\n<\/blockquote>\n<h2 data-section-id=\"1vq20ce\" data-start=\"4652\" data-end=\"4682\">Compromisso com a popula\u00e7\u00e3o<\/h2>\n<p data-start=\"4684\" data-end=\"4813\">Ao final da entrevista, Airton Ferraz agradeceu o espa\u00e7o no programa e reafirmou o compromisso da gest\u00e3o do SAAE com a popula\u00e7\u00e3o.<\/p>\n<p data-start=\"4815\" data-end=\"4969\">Ele lembrou que a autarquia conta com cerca de <strong data-start=\"4862\" data-end=\"4880\">130 servidores<\/strong> dedicados a garantir o funcionamento do sistema de abastecimento e saneamento da cidade.<\/p>\n<blockquote data-start=\"4971\" data-end=\"5139\">\n<p data-start=\"4973\" data-end=\"5139\">\u201cCada recurso que entra no SAAE \u00e9 tratado com responsabilidade. Nosso objetivo \u00e9 transformar esse investimento em melhorias para a popula\u00e7\u00e3o de Itapetinga\u201d, concluiu.<\/p>\n<p data-start=\"4973\" data-end=\"5139\">\n<\/blockquote>\n","protected":false},"excerpt":{"rendered":"<p>Durante entrevista concedida nesta quarta-feira ao Podcast 92.3, da R\u00e1dio Fascina\u00e7\u00e3o FM, o diretor do Servi\u00e7o Aut\u00f4nomo de \u00c1gua e Esgoto (SAAE) e presidente do MDB de Itapetinga, Dr. Airton Ferraz, apresentou um panorama das a\u00e7\u00f5es da autarquia, comentou a articula\u00e7\u00e3o pol\u00edtica do partido para as elei\u00e7\u00f5es de 2026 e destacou o momento de crescimento &hellip;<\/p>\n","protected":false},"author":3,"featured_media":18705,"comment_status":"closed","ping_status":"closed","sticky":false,"template":"","format":"standard","meta":{"_links_to":"","_links_to_target":""},"categories":[13],"tags":[],"views":78,"_links":{"self":[{"href":"https:\/\/www.programapodcast.com.br\/v1\/wp-json\/wp\/v2\/posts\/18702"}],"collection":[{"href":"https:\/\/www.programapodcast.com.br\/v1\/wp-json\/wp\/v2\/posts"}],"about":[{"href":"https:\/\/www.programapodcast.com.br\/v1\/wp-json\/wp\/v2\/types\/post"}],"author":[{"embeddable":true,"href":"https:\/\/www.programapodcast.com.br\/v1\/wp-json\/wp\/v2\/users\/3"}],"replies":[{"embeddable":true,"href":"https:\/\/www.programapodcast.com.br\/v1\/wp-json\/wp\/v2\/comments?post=18702"}],"version-history":[{"count":1,"href":"https:\/\/www.programapodcast.com.br\/v1\/wp-json\/wp\/v2\/posts\/18702\/revisions"}],"predecessor-version":[{"id":18706,"href":"https:\/\/www.programapodcast.com.br\/v1\/wp-json\/wp\/v2\/posts\/18702\/revisions\/18706"}],"wp:featuredmedia":[{"embeddable":true,"href":"https:\/\/www.programapodcast.com.br\/v1\/wp-json\/wp\/v2\/media\/18705"}],"wp:attachment":[{"href":"https:\/\/www.programapodcast.com.br\/v1\/wp-json\/wp\/v2\/media?parent=18702"}],"wp:term":[{"taxonomy":"category","embeddable":true,"href":"https:\/\/www.programapodcast.com.br\/v1\/wp-json\/wp\/v2\/categories?post=18702"},{"taxonomy":"post_tag","embeddable":true,"href":"https:\/\/www.programapodcast.com.br\/v1\/wp-json\/wp\/v2\/tags?post=18702"}],"curies":[{"name":"wp","href":"https:\/\/api.w.org\/{rel}","templated":true}]}}