{"id":18699,"date":"2026-03-04T22:06:11","date_gmt":"2026-03-05T01:06:11","guid":{"rendered":"https:\/\/www.programapodcast.com.br\/v1\/?p=18699"},"modified":"2026-03-04T22:06:11","modified_gmt":"2026-03-05T01:06:11","slug":"nota-de-pesar","status":"publish","type":"post","link":"https:\/\/www.programapodcast.com.br\/v1\/2026\/03\/04\/nota-de-pesar\/","title":{"rendered":"Nota de Pesar"},"content":{"rendered":"<p>A Prefeitura de Itapetinga manifesta, com profundo pesar, o falecimento da senhora Nat\u00e1lia Alves Trindade, m\u00e3e do secret\u00e1rio de governo, Geraldo Trindade.<\/p>\n<p>Dona Nat\u00e1lia vinha, h\u00e1 tempos, lutando bravamente pela vida, demonstrando for\u00e7a, f\u00e9 e perseveran\u00e7a diante das adversidades. Sua trajet\u00f3ria foi marcada pelo amor \u00e0 fam\u00edlia, pela dignidade e pelos valores que ajudou a semear em todos ao seu redor. Agora, chegou o momento de sua partida, deixando saudades, lembran\u00e7as e um legado de afeto que permanecer\u00e1 vivo nos cora\u00e7\u00f5es de familiares e amigos.<\/p>\n<p>Neste instante de dor, a Prefeitura de Itapetinga se solidariza com o secret\u00e1rio Geraldo Trindade, seus irm\u00e3os, Ant\u00f4nio Gilberto, Gilmar e Gilvan, e demais familiares, rogando a Deus que conceda conforto e serenidade para enfrentar esta irrepar\u00e1vel perda.<\/p>\n","protected":false},"excerpt":{"rendered":"<p>A Prefeitura de Itapetinga manifesta, com profundo pesar, o falecimento da senhora Nat\u00e1lia Alves Trindade, m\u00e3e do secret\u00e1rio de governo, Geraldo Trindade. Dona Nat\u00e1lia vinha, h\u00e1 tempos, lutando bravamente pela vida, demonstrando for\u00e7a, f\u00e9 e perseveran\u00e7a diante das adversidades. Sua trajet\u00f3ria foi marcada pelo amor \u00e0 fam\u00edlia, pela dignidade e pelos valores que ajudou a &hellip;<\/p>\n","protected":false},"author":3,"featured_media":18700,"comment_status":"closed","ping_status":"closed","sticky":false,"template":"","format":"standard","meta":{"_links_to":"","_links_to_target":""},"categories":[13],"tags":[],"views":141,"_links":{"self":[{"href":"https:\/\/www.programapodcast.com.br\/v1\/wp-json\/wp\/v2\/posts\/18699"}],"collection":[{"href":"https:\/\/www.programapodcast.com.br\/v1\/wp-json\/wp\/v2\/posts"}],"about":[{"href":"https:\/\/www.programapodcast.com.br\/v1\/wp-json\/wp\/v2\/types\/post"}],"author":[{"embeddable":true,"href":"https:\/\/www.programapodcast.com.br\/v1\/wp-json\/wp\/v2\/users\/3"}],"replies":[{"embeddable":true,"href":"https:\/\/www.programapodcast.com.br\/v1\/wp-json\/wp\/v2\/comments?post=18699"}],"version-history":[{"count":1,"href":"https:\/\/www.programapodcast.com.br\/v1\/wp-json\/wp\/v2\/posts\/18699\/revisions"}],"predecessor-version":[{"id":18701,"href":"https:\/\/www.programapodcast.com.br\/v1\/wp-json\/wp\/v2\/posts\/18699\/revisions\/18701"}],"wp:featuredmedia":[{"embeddable":true,"href":"https:\/\/www.programapodcast.com.br\/v1\/wp-json\/wp\/v2\/media\/18700"}],"wp:attachment":[{"href":"https:\/\/www.programapodcast.com.br\/v1\/wp-json\/wp\/v2\/media?parent=18699"}],"wp:term":[{"taxonomy":"category","embeddable":true,"href":"https:\/\/www.programapodcast.com.br\/v1\/wp-json\/wp\/v2\/categories?post=18699"},{"taxonomy":"post_tag","embeddable":true,"href":"https:\/\/www.programapodcast.com.br\/v1\/wp-json\/wp\/v2\/tags?post=18699"}],"curies":[{"name":"wp","href":"https:\/\/api.w.org\/{rel}","templated":true}]}}