{"id":18628,"date":"2026-02-25T20:38:29","date_gmt":"2026-02-25T23:38:29","guid":{"rendered":"https:\/\/www.programapodcast.com.br\/v1\/?p=18628"},"modified":"2026-02-25T20:38:29","modified_gmt":"2026-02-25T23:38:29","slug":"secretaria-de-governo-dialoga-com-liderancas-comunitarias-e-fortalece-gestao-participativa-em-itapetinga","status":"publish","type":"post","link":"https:\/\/www.programapodcast.com.br\/v1\/2026\/02\/25\/secretaria-de-governo-dialoga-com-liderancas-comunitarias-e-fortalece-gestao-participativa-em-itapetinga\/","title":{"rendered":"Secretaria de Governo dialoga com lideran\u00e7as comunit\u00e1rias e fortalece gest\u00e3o participativa em Itapetinga"},"content":{"rendered":"<div class=\"text-base my-auto mx-auto [--thread-content-margin:--spacing(4)] @w-sm\/main:[--thread-content-margin:--spacing(6)] @w-lg\/main:[--thread-content-margin:--spacing(16)] px-(--thread-content-margin)\">\n<div class=\"[--thread-content-max-width:40rem] @w-lg\/main:[--thread-content-max-width:48rem] mx-auto max-w-(--thread-content-max-width) flex-1 group\/turn-messages focus-visible:outline-hidden relative flex w-full min-w-0 flex-col agent-turn\">\n<div class=\"flex max-w-full flex-col grow\">\n<div class=\"min-h-8 text-message relative flex w-full flex-col items-end gap-2 text-start break-words whitespace-normal [.text-message+&amp;]:mt-1\" dir=\"auto\" data-message-author-role=\"assistant\" data-message-id=\"d89317a9-d0ff-4d6e-9421-939f6dcd9103\" data-message-model-slug=\"gpt-5-2\">\n<div class=\"flex w-full flex-col gap-1 empty:hidden first:pt-[1px]\">\n<div class=\"markdown prose dark:prose-invert w-full wrap-break-word light markdown-new-styling\">\n<p data-start=\"110\" data-end=\"371\">Na tarde desta quarta-feira (25), o secret\u00e1rio municipal de Governo, <strong data-start=\"179\" data-end=\"199\">Geraldo Trindade<\/strong>, realizou uma reuni\u00e3o com representantes de diversos residenciais de Itapetinga, em mais uma iniciativa voltada \u00e0 aproxima\u00e7\u00e3o entre a administra\u00e7\u00e3o p\u00fablica e a comunidade.<\/p>\n<p data-start=\"373\" data-end=\"698\">Participaram do encontro o pastor <strong data-start=\"407\" data-end=\"419\">Waldemar<\/strong>, representante dos residenciais Cassiano Gon\u00e7alves e Vila Santana; <strong data-start=\"487\" data-end=\"504\">Marcos Sacol\u00e9<\/strong>, do residencial Moacyr Moura; e <strong data-start=\"537\" data-end=\"550\">Ney Brito<\/strong>, do residencial Neto Fernandes. A proposta foi ouvir diretamente os moradores, levantar demandas priorit\u00e1rias e fortalecer o di\u00e1logo institucional.<\/p>\n<p data-start=\"700\" data-end=\"1046\">Durante a reuni\u00e3o, foram discutidas necessidades relacionadas \u00e0 infraestrutura urbana, melhoria dos servi\u00e7os p\u00fablicos e a\u00e7\u00f5es que contribuam para elevar a qualidade de vida da popula\u00e7\u00e3o. O secret\u00e1rio destacou que a gest\u00e3o municipal pretende manter um canal permanente de comunica\u00e7\u00e3o com os bairros para construir solu\u00e7\u00f5es mais r\u00e1pidas e eficazes.<\/p>\n<p data-start=\"1048\" data-end=\"1279\">Segundo Geraldo Trindade, a escuta ativa das comunidades \u00e9 fundamental para direcionar as pol\u00edticas p\u00fablicas de forma mais eficiente, permitindo que as decis\u00f5es administrativas estejam alinhadas \u00e0s reais necessidades dos moradores.<\/p>\n<p data-start=\"1281\" data-end=\"1587\" data-is-last-node=\"\" data-is-only-node=\"\">A Prefeitura de Itapetinga vem ampliando o contato direto com lideran\u00e7as comunit\u00e1rias, buscando uma administra\u00e7\u00e3o cada vez mais participativa e transparente. A iniciativa refor\u00e7a o compromisso da gest\u00e3o em atender \u00e0s principais demandas da popula\u00e7\u00e3o e promover melhorias concretas nos bairros do munic\u00edpio.<\/p>\n<\/div>\n<\/div>\n<\/div>\n<\/div>\n<\/div>\n<\/div>\n<p data-start=\"1281\" data-end=\"1587\" data-is-last-node=\"\" data-is-only-node=\"\"><img decoding=\"async\" loading=\"lazy\" class=\"alignnone size-full wp-image-18630\" src=\"https:\/\/www.programapodcast.com.br\/v1\/wp-content\/uploads\/2026\/02\/451d6369-3135-4d74-b389-b3434724cf02.jpeg\" alt=\"\" width=\"309\" height=\"550\" srcset=\"https:\/\/www.programapodcast.com.br\/v1\/wp-content\/uploads\/2026\/02\/451d6369-3135-4d74-b389-b3434724cf02.jpeg 309w, https:\/\/www.programapodcast.com.br\/v1\/wp-content\/uploads\/2026\/02\/451d6369-3135-4d74-b389-b3434724cf02-169x300.jpeg 169w\" sizes=\"(max-width: 309px) 100vw, 309px\" \/><\/p>\n<p data-start=\"1281\" data-end=\"1587\" data-is-last-node=\"\" data-is-only-node=\"\">\n<p data-start=\"1281\" data-end=\"1587\" data-is-last-node=\"\" data-is-only-node=\"\">\n<div class=\"text-base my-auto mx-auto [--thread-content-margin:--spacing(4)] @w-sm\/main:[--thread-content-margin:--spacing(6)] @w-lg\/main:[--thread-content-margin:--spacing(16)] px-(--thread-content-margin)\">\n<div class=\"[--thread-content-max-width:40rem] @w-lg\/main:[--thread-content-max-width:48rem] mx-auto max-w-(--thread-content-max-width) flex-1 group\/turn-messages focus-visible:outline-hidden relative flex w-full min-w-0 flex-col agent-turn\">\n<div class=\"z-0 flex min-h-[46px] justify-start\"><\/div>\n<\/div>\n<\/div>\n","protected":false},"excerpt":{"rendered":"<p>Na tarde desta quarta-feira (25), o secret\u00e1rio municipal de Governo, Geraldo Trindade, realizou uma reuni\u00e3o com representantes de diversos residenciais de Itapetinga, em mais uma iniciativa voltada \u00e0 aproxima\u00e7\u00e3o entre a administra\u00e7\u00e3o p\u00fablica e a comunidade. Participaram do encontro o pastor Waldemar, representante dos residenciais Cassiano Gon\u00e7alves e Vila Santana; Marcos Sacol\u00e9, do residencial Moacyr &hellip;<\/p>\n","protected":false},"author":3,"featured_media":18629,"comment_status":"closed","ping_status":"closed","sticky":false,"template":"","format":"standard","meta":{"_links_to":"","_links_to_target":""},"categories":[13],"tags":[],"views":109,"_links":{"self":[{"href":"https:\/\/www.programapodcast.com.br\/v1\/wp-json\/wp\/v2\/posts\/18628"}],"collection":[{"href":"https:\/\/www.programapodcast.com.br\/v1\/wp-json\/wp\/v2\/posts"}],"about":[{"href":"https:\/\/www.programapodcast.com.br\/v1\/wp-json\/wp\/v2\/types\/post"}],"author":[{"embeddable":true,"href":"https:\/\/www.programapodcast.com.br\/v1\/wp-json\/wp\/v2\/users\/3"}],"replies":[{"embeddable":true,"href":"https:\/\/www.programapodcast.com.br\/v1\/wp-json\/wp\/v2\/comments?post=18628"}],"version-history":[{"count":1,"href":"https:\/\/www.programapodcast.com.br\/v1\/wp-json\/wp\/v2\/posts\/18628\/revisions"}],"predecessor-version":[{"id":18631,"href":"https:\/\/www.programapodcast.com.br\/v1\/wp-json\/wp\/v2\/posts\/18628\/revisions\/18631"}],"wp:featuredmedia":[{"embeddable":true,"href":"https:\/\/www.programapodcast.com.br\/v1\/wp-json\/wp\/v2\/media\/18629"}],"wp:attachment":[{"href":"https:\/\/www.programapodcast.com.br\/v1\/wp-json\/wp\/v2\/media?parent=18628"}],"wp:term":[{"taxonomy":"category","embeddable":true,"href":"https:\/\/www.programapodcast.com.br\/v1\/wp-json\/wp\/v2\/categories?post=18628"},{"taxonomy":"post_tag","embeddable":true,"href":"https:\/\/www.programapodcast.com.br\/v1\/wp-json\/wp\/v2\/tags?post=18628"}],"curies":[{"name":"wp","href":"https:\/\/api.w.org\/{rel}","templated":true}]}}