{"id":18308,"date":"2025-12-28T10:53:57","date_gmt":"2025-12-28T13:53:57","guid":{"rendered":"https:\/\/www.programapodcast.com.br\/v1\/?p=18308"},"modified":"2025-12-29T00:10:54","modified_gmt":"2025-12-29T03:10:54","slug":"coopardo-promove-confraternizacao-de-fim-de-ano-e-reforca-uniao-entre-associados-e-colaboradores","status":"publish","type":"post","link":"https:\/\/www.programapodcast.com.br\/v1\/2025\/12\/28\/coopardo-promove-confraternizacao-de-fim-de-ano-e-reforca-uniao-entre-associados-e-colaboradores\/","title":{"rendered":"COOPARDO PROMOVE CONFRATERNIZA\u00c7\u00c3O DE FIM DE ANO E REFOR\u00c7A UNI\u00c3O ENTRE ASSOCIADOS E COLABORADORES"},"content":{"rendered":"<p class=\"western\" align=\"justify\"><span style=\"font-family: Tahoma\"><span style=\"font-size: large\"><span style=\"color: #000000\">A COOPARDO realizou, neste fim de ano, uma confraterniza\u00e7\u00e3o especial reunindo associados e funcion\u00e1rios, em um momento marcado pela integra\u00e7\u00e3o, reconhecimento e celebra\u00e7\u00e3o de um ciclo de trabalho pautado pelo compromisso e pelos bons resultados.<\/span><\/span><\/span><\/p>\n<p class=\"western\" align=\"justify\"><span style=\"font-family: Tahoma\"><span style=\"font-size: large\"><span style=\"color: #000000\">O evento teve como principal objetivo fortalecer os la\u00e7os entre todos que fazem parte da cooperativa, valorizando o esfor\u00e7o coletivo e o esp\u00edrito cooperativista que norteia a atua\u00e7\u00e3o da COOPARDO. Em clima de alegria e descontra\u00e7\u00e3o, os participantes compartilharam momentos de confraterniza\u00e7\u00e3o, refor\u00e7ando o sentimento de pertencimento e uni\u00e3o que caracteriza a institui\u00e7\u00e3o.<\/span><\/span><\/span><\/p>\n<p class=\"western\" align=\"justify\"><span style=\"font-family: Tahoma\"><span style=\"font-size: large\"><span style=\"color: #000000\">A confraterniza\u00e7\u00e3o tamb\u00e9m simbolizou o encerramento de um ano de importantes conquistas, fruto de planejamento, organiza\u00e7\u00e3o e dedica\u00e7\u00e3o di\u00e1ria de toda a equipe. Associados e colaboradores destacaram o ambiente de harmonia e respeito, reflexo direto de uma gest\u00e3o que valoriza pessoas e acredita no trabalho em equipe como base para o crescimento sustent\u00e1vel.<\/span><\/span><\/span><\/p>\n<p class=\"western\" align=\"justify\"><span style=\"font-family: Tahoma\"><span style=\"font-size: large\"><span style=\"color: #000000\">Ao final, o encontro serviu para reafirmar a confian\u00e7a no futuro da cooperativa, projetando novos desafios e oportunidades. Nesse contexto, ganhou destaque a atua\u00e7\u00e3o do presidente Alex Coelho, cuja condu\u00e7\u00e3o firme, t\u00e9cnica e equilibrada tem sido fundamental para os avan\u00e7os alcan\u00e7ados. Sua gest\u00e3o \u00e9 reconhecida pela capacidade de unir pessoas, fortalecer a institui\u00e7\u00e3o e conduzir a COOPARDO com responsabilidade, vis\u00e3o estrat\u00e9gica e foco em resultados.<\/span><\/span><\/span><\/p>\n<p class=\"western\" align=\"justify\"><span style=\"font-family: Tahoma\"><span style=\"font-size: large\"><span style=\"color: #000000\">A confraterniza\u00e7\u00e3o de fim de ano, mais do que uma celebra\u00e7\u00e3o, reafirmou o momento positivo vivido pela COOPARDO e a confian\u00e7a de associados e funcion\u00e1rios em uma gest\u00e3o competente, que segue trabalhando pelo fortalecimento da cooperativa e pelo desenvolvimento do setor agropecu\u00e1rio regional.<\/span><\/span><\/span><\/p>\n<div id='gallery-1' class='gallery galleryid-18308 gallery-columns-6 gallery-size-thumbnail'><figure class='gallery-item'>\n\t\t\t<div class='gallery-icon portrait'>\n\t\t\t\t<a href='https:\/\/www.programapodcast.com.br\/v1\/2025\/12\/28\/coopardo-promove-confraternizacao-de-fim-de-ano-e-reforca-uniao-entre-associados-e-colaboradores\/whatsapp-image-2025-12-28-at-11-41-52\/'><img width=\"150\" height=\"150\" src=\"https:\/\/www.programapodcast.com.br\/v1\/wp-content\/uploads\/2025\/12\/WhatsApp-Image-2025-12-28-at-11.41.52-150x150.jpeg\" class=\"attachment-thumbnail size-thumbnail\" alt=\"\" decoding=\"async\" loading=\"lazy\" \/><\/a>\n\t\t\t<\/div><\/figure><figure class='gallery-item'>\n\t\t\t<div class='gallery-icon portrait'>\n\t\t\t\t<a href='https:\/\/www.programapodcast.com.br\/v1\/2025\/12\/28\/coopardo-promove-confraternizacao-de-fim-de-ano-e-reforca-uniao-entre-associados-e-colaboradores\/whatsapp-image-2025-12-28-at-11-41-52-2\/'><img width=\"150\" height=\"150\" src=\"https:\/\/www.programapodcast.com.br\/v1\/wp-content\/uploads\/2025\/12\/WhatsApp-Image-2025-12-28-at-11.41.52-2-150x150.jpeg\" class=\"attachment-thumbnail size-thumbnail\" alt=\"\" decoding=\"async\" loading=\"lazy\" \/><\/a>\n\t\t\t<\/div><\/figure><figure class='gallery-item'>\n\t\t\t<div class='gallery-icon portrait'>\n\t\t\t\t<a href='https:\/\/www.programapodcast.com.br\/v1\/2025\/12\/28\/coopardo-promove-confraternizacao-de-fim-de-ano-e-reforca-uniao-entre-associados-e-colaboradores\/whatsapp-image-2025-12-28-at-11-41-52-1\/'><img width=\"150\" height=\"150\" src=\"https:\/\/www.programapodcast.com.br\/v1\/wp-content\/uploads\/2025\/12\/WhatsApp-Image-2025-12-28-at-11.41.52-1-150x150.jpeg\" class=\"attachment-thumbnail size-thumbnail\" alt=\"\" decoding=\"async\" loading=\"lazy\" \/><\/a>\n\t\t\t<\/div><\/figure><figure class='gallery-item'>\n\t\t\t<div class='gallery-icon portrait'>\n\t\t\t\t<a href='https:\/\/www.programapodcast.com.br\/v1\/2025\/12\/28\/coopardo-promove-confraternizacao-de-fim-de-ano-e-reforca-uniao-entre-associados-e-colaboradores\/whatsapp-image-2025-12-28-at-11-41-51\/'><img width=\"150\" height=\"150\" src=\"https:\/\/www.programapodcast.com.br\/v1\/wp-content\/uploads\/2025\/12\/WhatsApp-Image-2025-12-28-at-11.41.51-150x150.jpeg\" class=\"attachment-thumbnail size-thumbnail\" alt=\"\" decoding=\"async\" loading=\"lazy\" \/><\/a>\n\t\t\t<\/div><\/figure><figure class='gallery-item'>\n\t\t\t<div class='gallery-icon portrait'>\n\t\t\t\t<a href='https:\/\/www.programapodcast.com.br\/v1\/2025\/12\/28\/coopardo-promove-confraternizacao-de-fim-de-ano-e-reforca-uniao-entre-associados-e-colaboradores\/whatsapp-image-2025-12-28-at-11-41-53\/'><img width=\"150\" height=\"150\" src=\"https:\/\/www.programapodcast.com.br\/v1\/wp-content\/uploads\/2025\/12\/WhatsApp-Image-2025-12-28-at-11.41.53-150x150.jpeg\" class=\"attachment-thumbnail size-thumbnail\" alt=\"\" decoding=\"async\" loading=\"lazy\" \/><\/a>\n\t\t\t<\/div><\/figure><figure class='gallery-item'>\n\t\t\t<div class='gallery-icon portrait'>\n\t\t\t\t<a href='https:\/\/www.programapodcast.com.br\/v1\/2025\/12\/28\/coopardo-promove-confraternizacao-de-fim-de-ano-e-reforca-uniao-entre-associados-e-colaboradores\/foto-coopardo-1\/'><img width=\"150\" height=\"150\" src=\"https:\/\/www.programapodcast.com.br\/v1\/wp-content\/uploads\/2025\/12\/FOTO-COOPARDO-1-150x150.jpeg\" class=\"attachment-thumbnail size-thumbnail\" alt=\"\" decoding=\"async\" loading=\"lazy\" \/><\/a>\n\t\t\t<\/div><\/figure>\n\t\t<\/div>\n\n<p align=\"justify\"><span style=\"color: #ffffff\">www.programapodcast.com.br<\/p>\n<p><\/span><\/p>\n","protected":false},"excerpt":{"rendered":"<p>A COOPARDO realizou, neste fim de ano, uma confraterniza\u00e7\u00e3o especial reunindo associados e funcion\u00e1rios, em um momento marcado pela integra\u00e7\u00e3o, reconhecimento e celebra\u00e7\u00e3o de um ciclo de trabalho pautado pelo compromisso e pelos bons resultados. O evento teve como principal objetivo fortalecer os la\u00e7os entre todos que fazem parte da cooperativa, valorizando o esfor\u00e7o coletivo &hellip;<\/p>\n","protected":false},"author":3,"featured_media":18309,"comment_status":"closed","ping_status":"closed","sticky":false,"template":"","format":"standard","meta":{"_links_to":"","_links_to_target":""},"categories":[17],"tags":[],"views":186,"_links":{"self":[{"href":"https:\/\/www.programapodcast.com.br\/v1\/wp-json\/wp\/v2\/posts\/18308"}],"collection":[{"href":"https:\/\/www.programapodcast.com.br\/v1\/wp-json\/wp\/v2\/posts"}],"about":[{"href":"https:\/\/www.programapodcast.com.br\/v1\/wp-json\/wp\/v2\/types\/post"}],"author":[{"embeddable":true,"href":"https:\/\/www.programapodcast.com.br\/v1\/wp-json\/wp\/v2\/users\/3"}],"replies":[{"embeddable":true,"href":"https:\/\/www.programapodcast.com.br\/v1\/wp-json\/wp\/v2\/comments?post=18308"}],"version-history":[{"count":5,"href":"https:\/\/www.programapodcast.com.br\/v1\/wp-json\/wp\/v2\/posts\/18308\/revisions"}],"predecessor-version":[{"id":18319,"href":"https:\/\/www.programapodcast.com.br\/v1\/wp-json\/wp\/v2\/posts\/18308\/revisions\/18319"}],"wp:featuredmedia":[{"embeddable":true,"href":"https:\/\/www.programapodcast.com.br\/v1\/wp-json\/wp\/v2\/media\/18309"}],"wp:attachment":[{"href":"https:\/\/www.programapodcast.com.br\/v1\/wp-json\/wp\/v2\/media?parent=18308"}],"wp:term":[{"taxonomy":"category","embeddable":true,"href":"https:\/\/www.programapodcast.com.br\/v1\/wp-json\/wp\/v2\/categories?post=18308"},{"taxonomy":"post_tag","embeddable":true,"href":"https:\/\/www.programapodcast.com.br\/v1\/wp-json\/wp\/v2\/tags?post=18308"}],"curies":[{"name":"wp","href":"https:\/\/api.w.org\/{rel}","templated":true}]}}