{"id":1820,"date":"2021-10-15T16:05:05","date_gmt":"2021-10-15T19:05:05","guid":{"rendered":"https:\/\/www.programapodcast.com.br\/v1\/?p=1820"},"modified":"2021-10-15T16:05:05","modified_gmt":"2021-10-15T19:05:05","slug":"sem-apoio-popular-manifestacoes-da-esquerda-para-dia-15-sao-canceladas","status":"publish","type":"post","link":"https:\/\/www.programapodcast.com.br\/v1\/2021\/10\/15\/sem-apoio-popular-manifestacoes-da-esquerda-para-dia-15-sao-canceladas\/","title":{"rendered":"Sem apoio popular manifesta\u00e7\u00f5es da esquerda para dia 15 s\u00e3o canceladas"},"content":{"rendered":"<p>Organizadores de movimentos contra o governo do presidente Jair Bolsonaro (sem partido) n\u00e3o acreditam na viabilidade de protestos em 15 de novembro. Ao jornal Folha de S. Paulo, Raimundo Bonfim, da CMP (Central de Movimentos Populares), disse n\u00e3o haver condi\u00e7\u00f5es pol\u00edticas para manifesta\u00e7\u00f5es. Ele afirmou que uma das raz\u00f5es \u00e9 que os protestos anteriores n\u00e3o conseguiram se expandir para al\u00e9m da esquerda. Receba a newsletter do Poder360 Concordo com os termos da LGPD Nos atos de 2 de outubro, estiveram presentes figuras pol\u00edticas como Fernando Haddad (PT), Guilherme Boulos (Psol), Manuela D\u2019\u00c1v&#8230;<\/p>\n<p>&nbsp;<\/p>\n<p>&nbsp;<\/p>\n","protected":false},"excerpt":{"rendered":"<p>Organizadores de movimentos contra o governo do presidente Jair Bolsonaro (sem partido) n\u00e3o acreditam na viabilidade de protestos em 15 de novembro. Ao jornal Folha de S. Paulo, Raimundo Bonfim, da CMP (Central de Movimentos Populares), disse n\u00e3o haver condi\u00e7\u00f5es pol\u00edticas para manifesta\u00e7\u00f5es. Ele afirmou que uma das raz\u00f5es \u00e9 que os protestos anteriores n\u00e3o &hellip;<\/p>\n","protected":false},"author":3,"featured_media":1822,"comment_status":"closed","ping_status":"closed","sticky":false,"template":"","format":"standard","meta":{"_links_to":"","_links_to_target":""},"categories":[1],"tags":[],"views":691,"_links":{"self":[{"href":"https:\/\/www.programapodcast.com.br\/v1\/wp-json\/wp\/v2\/posts\/1820"}],"collection":[{"href":"https:\/\/www.programapodcast.com.br\/v1\/wp-json\/wp\/v2\/posts"}],"about":[{"href":"https:\/\/www.programapodcast.com.br\/v1\/wp-json\/wp\/v2\/types\/post"}],"author":[{"embeddable":true,"href":"https:\/\/www.programapodcast.com.br\/v1\/wp-json\/wp\/v2\/users\/3"}],"replies":[{"embeddable":true,"href":"https:\/\/www.programapodcast.com.br\/v1\/wp-json\/wp\/v2\/comments?post=1820"}],"version-history":[{"count":1,"href":"https:\/\/www.programapodcast.com.br\/v1\/wp-json\/wp\/v2\/posts\/1820\/revisions"}],"predecessor-version":[{"id":1823,"href":"https:\/\/www.programapodcast.com.br\/v1\/wp-json\/wp\/v2\/posts\/1820\/revisions\/1823"}],"wp:featuredmedia":[{"embeddable":true,"href":"https:\/\/www.programapodcast.com.br\/v1\/wp-json\/wp\/v2\/media\/1822"}],"wp:attachment":[{"href":"https:\/\/www.programapodcast.com.br\/v1\/wp-json\/wp\/v2\/media?parent=1820"}],"wp:term":[{"taxonomy":"category","embeddable":true,"href":"https:\/\/www.programapodcast.com.br\/v1\/wp-json\/wp\/v2\/categories?post=1820"},{"taxonomy":"post_tag","embeddable":true,"href":"https:\/\/www.programapodcast.com.br\/v1\/wp-json\/wp\/v2\/tags?post=1820"}],"curies":[{"name":"wp","href":"https:\/\/api.w.org\/{rel}","templated":true}]}}