{"id":18116,"date":"2025-12-03T10:23:14","date_gmt":"2025-12-03T13:23:14","guid":{"rendered":"https:\/\/www.programapodcast.com.br\/v1\/?p=18116"},"modified":"2025-12-03T10:23:14","modified_gmt":"2025-12-03T13:23:14","slug":"dr-silvio-macedo-celebra-39-anos-de-formatura-e-uma-trajetoria-marcada-por-fe-amor-e-compromisso-com-a-vida","status":"publish","type":"post","link":"https:\/\/www.programapodcast.com.br\/v1\/2025\/12\/03\/dr-silvio-macedo-celebra-39-anos-de-formatura-e-uma-trajetoria-marcada-por-fe-amor-e-compromisso-com-a-vida\/","title":{"rendered":"Dr. Silvio Macedo celebra 39 anos de formatura e uma trajet\u00f3ria marcada por f\u00e9, amor e compromisso com a vida"},"content":{"rendered":"<p>A medicina, para o conceituado cardiologista Dr. Silvio Macedo, sempre foi mais do que uma profiss\u00e3o: \u00e9<br \/>\numa verdadeira miss\u00e3o de vida. Formado em 1986, o m\u00e9dico celebra em 2025 39 anos de formatura,<br \/>\ncomemorando uma carreira constru\u00edda com dedica\u00e7\u00e3o, \u00e9tica, humaniza\u00e7\u00e3o e profunda gratid\u00e3o a Deus.<\/p>\n<p>Ao longo de 45 anos de atua\u00e7\u00e3o na medicina, Dr. Silvio consolidou uma trajet\u00f3ria marcada pelo<br \/>\ncompromisso di\u00e1rio de cuidar, aliviar a dor, curar quando poss\u00edvel e, acima de tudo, acolher. Foram<br \/>\nd\u00e9cadas de desafios, batalhas, aprendizados, vit\u00f3rias e tamb\u00e9m algumas frustra\u00e7\u00f5es \u2014 naturais em uma<br \/>\njornada t\u00e3o intensa quanto a da medicina.<\/p>\n<p>Em mensagem de forte conte\u00fado espiritual e humano, o m\u00e9dico expressa gratid\u00e3o pela vida, pelas<br \/>\nconquistas, pelos momentos de celebra\u00e7\u00e3o e pelo privil\u00e9gio de exercer a medicina com amor e zelo. O<br \/>\nreconhecimento \u00e0 fam\u00edlia, aos colegas de profiss\u00e3o, aos amigos e, especialmente, aos pacientes, ocupa<br \/>\nlugar central nesse testemunho de f\u00e9 e prop\u00f3sito.<\/p>\n<p>\u201cTempo de grande aprendizado, muitas lutas, batalhas e vit\u00f3rias. E at\u00e9 algumas frustra\u00e7\u00f5es, que fazem<br \/>\nparte da caminhada. Mas sempre de cabe\u00e7a erguida, agradecido ao Criador por ter sido escolhido para<br \/>\nessa miss\u00e3o de puro amor\u201d, destaca o m\u00e9dico.<\/p>\n<p>A atua\u00e7\u00e3o de Dr. Silvio tamb\u00e9m est\u00e1 profundamente ligada \u00e0 comunidade itapetinguense, onde seu<br \/>\ntrabalho ultrapassa os limites da cl\u00ednica e se transforma em cuidado humanizado, acolhimento e<br \/>\ndedica\u00e7\u00e3o integral \u00e0 sa\u00fade das pessoas.<\/p>\n<p>Ao celebrar essa data t\u00e3o marcante, Dr. Silvio Macedo reafirma seu orgulho pela profiss\u00e3o e a certeza de<br \/>\nque ainda h\u00e1 muito a ser constru\u00eddo. A homenagem se encerra com uma sauda\u00e7\u00e3o especial aos colegas<br \/>\nde jornada e uma gratid\u00e3o eterna ao Pai Celestial, base espiritual que sustenta toda a sua caminhada.<br \/>\nUm exemplo de m\u00e9dico, de ser humano e de compromisso com a vida.<\/p>\n","protected":false},"excerpt":{"rendered":"<p>A medicina, para o conceituado cardiologista Dr. Silvio Macedo, sempre foi mais do que uma profiss\u00e3o: \u00e9 uma verdadeira miss\u00e3o de vida. Formado em 1986, o m\u00e9dico celebra em 2025 39 anos de formatura, comemorando uma carreira constru\u00edda com dedica\u00e7\u00e3o, \u00e9tica, humaniza\u00e7\u00e3o e profunda gratid\u00e3o a Deus. Ao longo de 45 anos de atua\u00e7\u00e3o na &hellip;<\/p>\n","protected":false},"author":3,"featured_media":18117,"comment_status":"closed","ping_status":"closed","sticky":false,"template":"","format":"standard","meta":{"_links_to":"","_links_to_target":""},"categories":[13],"tags":[],"views":217,"_links":{"self":[{"href":"https:\/\/www.programapodcast.com.br\/v1\/wp-json\/wp\/v2\/posts\/18116"}],"collection":[{"href":"https:\/\/www.programapodcast.com.br\/v1\/wp-json\/wp\/v2\/posts"}],"about":[{"href":"https:\/\/www.programapodcast.com.br\/v1\/wp-json\/wp\/v2\/types\/post"}],"author":[{"embeddable":true,"href":"https:\/\/www.programapodcast.com.br\/v1\/wp-json\/wp\/v2\/users\/3"}],"replies":[{"embeddable":true,"href":"https:\/\/www.programapodcast.com.br\/v1\/wp-json\/wp\/v2\/comments?post=18116"}],"version-history":[{"count":1,"href":"https:\/\/www.programapodcast.com.br\/v1\/wp-json\/wp\/v2\/posts\/18116\/revisions"}],"predecessor-version":[{"id":18118,"href":"https:\/\/www.programapodcast.com.br\/v1\/wp-json\/wp\/v2\/posts\/18116\/revisions\/18118"}],"wp:featuredmedia":[{"embeddable":true,"href":"https:\/\/www.programapodcast.com.br\/v1\/wp-json\/wp\/v2\/media\/18117"}],"wp:attachment":[{"href":"https:\/\/www.programapodcast.com.br\/v1\/wp-json\/wp\/v2\/media?parent=18116"}],"wp:term":[{"taxonomy":"category","embeddable":true,"href":"https:\/\/www.programapodcast.com.br\/v1\/wp-json\/wp\/v2\/categories?post=18116"},{"taxonomy":"post_tag","embeddable":true,"href":"https:\/\/www.programapodcast.com.br\/v1\/wp-json\/wp\/v2\/tags?post=18116"}],"curies":[{"name":"wp","href":"https:\/\/api.w.org\/{rel}","templated":true}]}}