{"id":18014,"date":"2025-11-13T09:47:26","date_gmt":"2025-11-13T12:47:26","guid":{"rendered":"https:\/\/www.programapodcast.com.br\/v1\/?p=18014"},"modified":"2025-11-13T09:47:26","modified_gmt":"2025-11-13T12:47:26","slug":"itapetinga-participa-do-ii-encontro-de-educadores-ambientais-da-associacao-de-zoologicos-e-aquarios-do-brasil","status":"publish","type":"post","link":"https:\/\/www.programapodcast.com.br\/v1\/2025\/11\/13\/itapetinga-participa-do-ii-encontro-de-educadores-ambientais-da-associacao-de-zoologicos-e-aquarios-do-brasil\/","title":{"rendered":"Itapetinga participa do II Encontro de Educadores Ambientais da Associa\u00e7\u00e3o de Zool\u00f3gicos e Aqu\u00e1rios do Brasil"},"content":{"rendered":"<p>Itapetinga participou, entre os dias 03 e 06 de novembro, do II Encontro de Educadores Ambientais da Associa\u00e7\u00e3o de Zool\u00f3gicos e Aqu\u00e1rios do Brasil (AZAB). Realizado em Salvador, o evento reuniu representantes de zool\u00f3gicos e aqu\u00e1rios de todo o pa\u00eds, promovendo um espa\u00e7o de integra\u00e7\u00e3o, aprendizado e fortalecimento das a\u00e7\u00f5es de educa\u00e7\u00e3o ambiental desenvolvidas nas diferentes regi\u00f5es do Brasil.<\/p>\n<p>Meses antes da realiza\u00e7\u00e3o do encontro, o Parque Municipal da Matinha foi convidado a participar oficialmente.\u00a0 A equipe foi composta pelo Cristian Oliveira, secret\u00e1rio municipal meio ambiente, o bi\u00f3logo Rafael Garcia Leal, respons\u00e1vel pelo setor de Educa\u00e7\u00e3o Ambiental do PMM, e Marcelle Amorim Carvalho, respons\u00e1vel pelo setor de Enriquecimento Ambiental e Bem-Estar Animal, contou ainda com a presen\u00e7a de duas alunas de gradua\u00e7\u00e3o da Universidade Estadual do Sudoeste da Bahia (UESB).<\/p>\n<p>No evento, o grupo itapetinguense apresentou a diversidade de a\u00e7\u00f5es de educa\u00e7\u00e3o ambiental desenvolvidas pelo zool\u00f3gico e a import\u00e2ncia delas. Ressaltou-se, ainda, a relev\u00e2ncia de cada projeto e as estrat\u00e9gias aplicadas na promo\u00e7\u00e3o da conscientiza\u00e7\u00e3o ambiental, conserva\u00e7\u00e3o da fauna e sensibiliza\u00e7\u00e3o do p\u00fablico. O encontro, que contou com a participa\u00e7\u00e3o de profissionais de todo pa\u00eds, tamb\u00e9m proporcionou um ambiente de intensa troca de experi\u00eancias, al\u00e9m de debater desafios e solu\u00e7\u00f5es para a pr\u00e1tica da educa\u00e7\u00e3o ambiental em diferentes contextos. A participa\u00e7\u00e3o da equipe da Secretaria de Meio Ambiente teve grande significado, representando o munic\u00edpio de Itapetinga e apresentando o trabalho de educa\u00e7\u00e3o ambiental realizado pela equipe t\u00e9cnica no Parque Municipal da Matinha (PMM).<\/p>\n<p>O VII Encontro de Educadores Ambientais da AZAB reafirmou a import\u00e2ncia da coopera\u00e7\u00e3o entre institui\u00e7\u00f5es e profissionais comprometidos com a conserva\u00e7\u00e3o da biodiversidade e a educa\u00e7\u00e3o ambiental, fortalecendo o papel dos zool\u00f3gicos e aqu\u00e1rios como espa\u00e7os de aprendizado, pesquisa e transforma\u00e7\u00e3o social.<\/p>\n<p>Durante a ida a capital, o encontro com o Secret\u00e1rio de Meio Ambiente do Estado da Bahia, Eduardo Mendon\u00e7a Sodr\u00e9 Martins, possibilitou a exposi\u00e7\u00e3o de demandas relacionadas ao Licenciamento e Projetos para o munic\u00edpio de Itapetinga.<\/p>\n<p style=\"text-align: right\">Ascom\/PMI<\/p>\n","protected":false},"excerpt":{"rendered":"<p>Itapetinga participou, entre os dias 03 e 06 de novembro, do II Encontro de Educadores Ambientais da Associa\u00e7\u00e3o de Zool\u00f3gicos e Aqu\u00e1rios do Brasil (AZAB). Realizado em Salvador, o evento reuniu representantes de zool\u00f3gicos e aqu\u00e1rios de todo o pa\u00eds, promovendo um espa\u00e7o de integra\u00e7\u00e3o, aprendizado e fortalecimento das a\u00e7\u00f5es de educa\u00e7\u00e3o ambiental desenvolvidas nas &hellip;<\/p>\n","protected":false},"author":3,"featured_media":18015,"comment_status":"closed","ping_status":"closed","sticky":false,"template":"","format":"standard","meta":{"_links_to":"","_links_to_target":""},"categories":[13],"tags":[],"views":176,"_links":{"self":[{"href":"https:\/\/www.programapodcast.com.br\/v1\/wp-json\/wp\/v2\/posts\/18014"}],"collection":[{"href":"https:\/\/www.programapodcast.com.br\/v1\/wp-json\/wp\/v2\/posts"}],"about":[{"href":"https:\/\/www.programapodcast.com.br\/v1\/wp-json\/wp\/v2\/types\/post"}],"author":[{"embeddable":true,"href":"https:\/\/www.programapodcast.com.br\/v1\/wp-json\/wp\/v2\/users\/3"}],"replies":[{"embeddable":true,"href":"https:\/\/www.programapodcast.com.br\/v1\/wp-json\/wp\/v2\/comments?post=18014"}],"version-history":[{"count":1,"href":"https:\/\/www.programapodcast.com.br\/v1\/wp-json\/wp\/v2\/posts\/18014\/revisions"}],"predecessor-version":[{"id":18016,"href":"https:\/\/www.programapodcast.com.br\/v1\/wp-json\/wp\/v2\/posts\/18014\/revisions\/18016"}],"wp:featuredmedia":[{"embeddable":true,"href":"https:\/\/www.programapodcast.com.br\/v1\/wp-json\/wp\/v2\/media\/18015"}],"wp:attachment":[{"href":"https:\/\/www.programapodcast.com.br\/v1\/wp-json\/wp\/v2\/media?parent=18014"}],"wp:term":[{"taxonomy":"category","embeddable":true,"href":"https:\/\/www.programapodcast.com.br\/v1\/wp-json\/wp\/v2\/categories?post=18014"},{"taxonomy":"post_tag","embeddable":true,"href":"https:\/\/www.programapodcast.com.br\/v1\/wp-json\/wp\/v2\/tags?post=18014"}],"curies":[{"name":"wp","href":"https:\/\/api.w.org\/{rel}","templated":true}]}}