{"id":18011,"date":"2025-11-13T09:17:08","date_gmt":"2025-11-13T12:17:08","guid":{"rendered":"https:\/\/www.programapodcast.com.br\/v1\/?p=18011"},"modified":"2025-11-13T09:17:08","modified_gmt":"2025-11-13T12:17:08","slug":"senar-bahia-inaugura-centro-de-capacitacao-regional-em-itapetinga","status":"publish","type":"post","link":"https:\/\/www.programapodcast.com.br\/v1\/2025\/11\/13\/senar-bahia-inaugura-centro-de-capacitacao-regional-em-itapetinga\/","title":{"rendered":"Senar Bahia inaugura Centro de Capacita\u00e7\u00e3o Regional em Itapetinga"},"content":{"rendered":"<p>O Servi\u00e7o Nacional de Aprendizagem Rural (Senar Bahia) inaugura, nesta quinta-feira (13), o Centro de Capacita\u00e7\u00e3o Regional de Itapetinga, um espa\u00e7o moderno e multifuncional voltado ao aprimoramento profissional e \u00e0 difus\u00e3o de conhecimento no campo. A unidade foi implantada com o objetivo de ampliar o alcance das a\u00e7\u00f5es de forma\u00e7\u00e3o e qualifica\u00e7\u00e3o do Senar, oferecendo infraestrutura de ponta para cursos, treinamentos, oficinas e eventos t\u00e9cnicos voltados ao setor agropecu\u00e1rio.<\/p>\n<p>A nova unidade atender\u00e1 produtores, trabalhadores e t\u00e9cnicos rurais de toda a regi\u00e3o, funcionando como um polo de refer\u00eancia em educa\u00e7\u00e3o rural e inova\u00e7\u00e3o no agro baiano. A estrutura inclui salas de aula climatizadas, audit\u00f3rios e laborado para aulas pr\u00e1ticas, garantindo um ambiente adequado para a aprendizagem e o interc\u00e2mbio de experi\u00eancias.<\/p>\n<p>A solenidade de inaugura\u00e7\u00e3o vai contar com a presen\u00e7a de produtores rurais e autoridades. \u201cO Centro de Capacita\u00e7\u00e3o Regional \u00e9 mais do que uma obra f\u00edsica, \u00e9 um investimento direto nas pessoas que fazem o agro acontecer. Com ele, o Senar Bahia refor\u00e7a seu compromisso com a educa\u00e7\u00e3o profissional rural, gerando oportunidades, renda e desenvolvimento para o interior do estado\u201d, destacou Humberto Miranda, presidente do Sistema Faeb\/Senar.<\/p>\n<p>A nova unidade soma-se \u00e0s j\u00e1 existentes em Feira de Santana, Itamaraju, Gandu, Lu\u00eds Eduardo Magalh\u00e3es, Irec\u00ea, Miguel Calmon, Senhor do Bonfim e Juazeiro, uma estrat\u00e9gia do Senar Bahia de descentralizar e fortalecer as a\u00e7\u00f5es de capacita\u00e7\u00e3o, aproximando o conhecimento das comunidades rurais. Com o centro em funcionamento, a expectativa \u00e9 aumentar o n\u00famero de produtores e trabalhadores qualificados, impulsionando a competitividade e a sustentabilidade da agropecu\u00e1ria baiana.<\/p>\n<p>Servi\u00e7o:<br \/>\nInaugura\u00e7\u00e3o do Centro de Capacita\u00e7\u00e3o Regional do Senar Bahia<br \/>\n\ud83d\udccd Local: Parque de Exposi\u00e7\u00f5es de Itapetinga<br \/>\n\ud83d\udcc5 Data: 13\/11\/2025<br \/>\n\u23f0 Hor\u00e1rio: 18h<\/p>\n","protected":false},"excerpt":{"rendered":"<p>O Servi\u00e7o Nacional de Aprendizagem Rural (Senar Bahia) inaugura, nesta quinta-feira (13), o Centro de Capacita\u00e7\u00e3o Regional de Itapetinga, um espa\u00e7o moderno e multifuncional voltado ao aprimoramento profissional e \u00e0 difus\u00e3o de conhecimento no campo. A unidade foi implantada com o objetivo de ampliar o alcance das a\u00e7\u00f5es de forma\u00e7\u00e3o e qualifica\u00e7\u00e3o do Senar, oferecendo &hellip;<\/p>\n","protected":false},"author":3,"featured_media":18012,"comment_status":"closed","ping_status":"closed","sticky":false,"template":"","format":"standard","meta":{"_links_to":"","_links_to_target":""},"categories":[13],"tags":[],"views":203,"_links":{"self":[{"href":"https:\/\/www.programapodcast.com.br\/v1\/wp-json\/wp\/v2\/posts\/18011"}],"collection":[{"href":"https:\/\/www.programapodcast.com.br\/v1\/wp-json\/wp\/v2\/posts"}],"about":[{"href":"https:\/\/www.programapodcast.com.br\/v1\/wp-json\/wp\/v2\/types\/post"}],"author":[{"embeddable":true,"href":"https:\/\/www.programapodcast.com.br\/v1\/wp-json\/wp\/v2\/users\/3"}],"replies":[{"embeddable":true,"href":"https:\/\/www.programapodcast.com.br\/v1\/wp-json\/wp\/v2\/comments?post=18011"}],"version-history":[{"count":1,"href":"https:\/\/www.programapodcast.com.br\/v1\/wp-json\/wp\/v2\/posts\/18011\/revisions"}],"predecessor-version":[{"id":18013,"href":"https:\/\/www.programapodcast.com.br\/v1\/wp-json\/wp\/v2\/posts\/18011\/revisions\/18013"}],"wp:featuredmedia":[{"embeddable":true,"href":"https:\/\/www.programapodcast.com.br\/v1\/wp-json\/wp\/v2\/media\/18012"}],"wp:attachment":[{"href":"https:\/\/www.programapodcast.com.br\/v1\/wp-json\/wp\/v2\/media?parent=18011"}],"wp:term":[{"taxonomy":"category","embeddable":true,"href":"https:\/\/www.programapodcast.com.br\/v1\/wp-json\/wp\/v2\/categories?post=18011"},{"taxonomy":"post_tag","embeddable":true,"href":"https:\/\/www.programapodcast.com.br\/v1\/wp-json\/wp\/v2\/tags?post=18011"}],"curies":[{"name":"wp","href":"https:\/\/api.w.org\/{rel}","templated":true}]}}