{"id":17974,"date":"2025-11-10T16:36:23","date_gmt":"2025-11-10T19:36:23","guid":{"rendered":"https:\/\/www.programapodcast.com.br\/v1\/?p=17974"},"modified":"2025-11-10T16:36:23","modified_gmt":"2025-11-10T19:36:23","slug":"podcast-92-3-completa-seis-anos-como-referencia-em-informacao-entrevistas-e-entretenimento-em-itapetinga","status":"publish","type":"post","link":"https:\/\/www.programapodcast.com.br\/v1\/2025\/11\/10\/podcast-92-3-completa-seis-anos-como-referencia-em-informacao-entrevistas-e-entretenimento-em-itapetinga\/","title":{"rendered":"Podcast 92.3 completa seis anos como refer\u00eancia em informa\u00e7\u00e3o, entrevistas e entretenimento em Itapetinga"},"content":{"rendered":"<p>O dia 8 de novembro marca um cap\u00edtulo especial na comunica\u00e7\u00e3o de Itapetinga: o anivers\u00e1rio de seis anos do Podcast 92.3, um dos programas mais inovadores, consistentes e influentes do r\u00e1dio local. Desde 2019, a atra\u00e7\u00e3o se firmou como um espa\u00e7o plural, din\u00e2mico e atento aos temas que movimentam a cidade, oferecendo informa\u00e7\u00e3o qualificada, entrevistas relevantes e pautas que dialogam diretamente com o cotidiano dos itapetinguenses.<\/p>\n<p>Desde o in\u00edcio, o Podcast 92.3 construiu uma trajet\u00f3ria marcada por credibilidade. Essa confian\u00e7a \u00e9 refletida na presen\u00e7a dos maiores parceiros comerciais de Itapetinga e regi\u00e3o, que reconhecem no programa um canal s\u00f3lido, respeitado e eficaz. O apoio desse grupo seleto demonstra n\u00e3o apenas a for\u00e7a do conte\u00fado, mas tamb\u00e9m o alto n\u00edvel profissional de seus produtores e apresentadores.<\/p>\n<p>Ao longo desses seis anos, o programa contou com grandes comunicadores que ajudaram a moldar sua identidade. Os primeiros passos foram dados por Lucas Aguiar, seguidos pela energia de Tito Rocha e pela experi\u00eancia de Maur\u00edcio Gomes, profissionais que contribu\u00edram para consolidar o tom jornal\u00edstico e a seriedade da atra\u00e7\u00e3o.<\/p>\n<p>Na fase atual, o Podcast 92.3 mant\u00e9m o padr\u00e3o de excel\u00eancia. A bancada re\u00fane nomes que se tornaram refer\u00eancia na comunica\u00e7\u00e3o regional: Joilson Filho, Wagner Ribeiro, Gilson Vasconcelos Sizinio Neto,C\u00e9sar Soares, Fl\u00e1vio Ferraz e Cl\u00f3vis Silva \u2014 este \u00faltimo, o grande idealizador do projeto, pe\u00e7a fundamental para o sucesso e a consolida\u00e7\u00e3o da marca. Com estilos distintos, eles ampliam a diversidade de an\u00e1lises e fortalecem a proposta de levar ao p\u00fablico um conte\u00fado criterioso, cr\u00edtico e bem embasado.<\/p>\n<p>O sucesso do Podcast 92.3 se reflete tamb\u00e9m na conex\u00e3o direta com a comunidade. O programa acompanha as transforma\u00e7\u00f5es de Itapetinga, abre espa\u00e7o para debates essenciais e recebe personagens que fazem parte da vida e da hist\u00f3ria do munic\u00edpio. Em seis anos, consolidou audi\u00eancia, gerou engajamento e permanece como uma plataforma de di\u00e1logo que continua moldando o cen\u00e1rio da comunica\u00e7\u00e3o local.<\/p>\n<p>Mais que um programa, o Podcast 92.3 \u00e9 um marco \u2014 uma constru\u00e7\u00e3o coletiva que evolui junto com Itapetinga e segue firme em sua miss\u00e3o: informar, questionar, entreter e representar a voz do povo.<\/p>\n<p>Seis anos depois, o compromisso permanece inalterado. E a hist\u00f3ria continua sendo escrita todos os dias, no ar.<\/p>\n","protected":false},"excerpt":{"rendered":"<p>O dia 8 de novembro marca um cap\u00edtulo especial na comunica\u00e7\u00e3o de Itapetinga: o anivers\u00e1rio de seis anos do Podcast 92.3, um dos programas mais inovadores, consistentes e influentes do r\u00e1dio local. Desde 2019, a atra\u00e7\u00e3o se firmou como um espa\u00e7o plural, din\u00e2mico e atento aos temas que movimentam a cidade, oferecendo informa\u00e7\u00e3o qualificada, entrevistas &hellip;<\/p>\n","protected":false},"author":3,"featured_media":17975,"comment_status":"closed","ping_status":"closed","sticky":false,"template":"","format":"standard","meta":{"_links_to":"","_links_to_target":""},"categories":[13],"tags":[],"views":127,"_links":{"self":[{"href":"https:\/\/www.programapodcast.com.br\/v1\/wp-json\/wp\/v2\/posts\/17974"}],"collection":[{"href":"https:\/\/www.programapodcast.com.br\/v1\/wp-json\/wp\/v2\/posts"}],"about":[{"href":"https:\/\/www.programapodcast.com.br\/v1\/wp-json\/wp\/v2\/types\/post"}],"author":[{"embeddable":true,"href":"https:\/\/www.programapodcast.com.br\/v1\/wp-json\/wp\/v2\/users\/3"}],"replies":[{"embeddable":true,"href":"https:\/\/www.programapodcast.com.br\/v1\/wp-json\/wp\/v2\/comments?post=17974"}],"version-history":[{"count":1,"href":"https:\/\/www.programapodcast.com.br\/v1\/wp-json\/wp\/v2\/posts\/17974\/revisions"}],"predecessor-version":[{"id":17976,"href":"https:\/\/www.programapodcast.com.br\/v1\/wp-json\/wp\/v2\/posts\/17974\/revisions\/17976"}],"wp:featuredmedia":[{"embeddable":true,"href":"https:\/\/www.programapodcast.com.br\/v1\/wp-json\/wp\/v2\/media\/17975"}],"wp:attachment":[{"href":"https:\/\/www.programapodcast.com.br\/v1\/wp-json\/wp\/v2\/media?parent=17974"}],"wp:term":[{"taxonomy":"category","embeddable":true,"href":"https:\/\/www.programapodcast.com.br\/v1\/wp-json\/wp\/v2\/categories?post=17974"},{"taxonomy":"post_tag","embeddable":true,"href":"https:\/\/www.programapodcast.com.br\/v1\/wp-json\/wp\/v2\/tags?post=17974"}],"curies":[{"name":"wp","href":"https:\/\/api.w.org\/{rel}","templated":true}]}}