{"id":17966,"date":"2025-11-06T16:26:04","date_gmt":"2025-11-06T19:26:04","guid":{"rendered":"https:\/\/www.programapodcast.com.br\/v1\/?p=17966"},"modified":"2025-11-06T16:26:04","modified_gmt":"2025-11-06T19:26:04","slug":"itapetinga-recebe-instituto-mais-visao-e-oferece-exames-oftalmologicos-gratuitos","status":"publish","type":"post","link":"https:\/\/www.programapodcast.com.br\/v1\/2025\/11\/06\/itapetinga-recebe-instituto-mais-visao-e-oferece-exames-oftalmologicos-gratuitos\/","title":{"rendered":"Itapetinga recebe Instituto Mais Vis\u00e3o e oferece exames oftalmol\u00f3gicos gratuitos"},"content":{"rendered":"<p>Uma parceria entre a prefeitura municipal e o Instituto Mais Vis\u00e3o levar\u00e1 cerca de 20 tipos de exames oftalmol\u00f3gicos aos itapetinguenses.<\/p>\n<p>Com o objetivo de detectar precocemente doen\u00e7as oculares, uma unidade m\u00f3vel circular\u00e1, entre os dias 10 e 17 de novembro, pelo munic\u00edpio de Itapetinga. O caminh\u00e3o do programa estacionar\u00e1 em Bandeira do Col\u00f4nia no dia 10 para realizar os atendimentos, levando consultas e exames aos moradores do distrito. A partir do dia 11, o atendimento acontecer\u00e1 na sede do munic\u00edpio, em frente ao Gin\u00e1sio de Esportes.<\/p>\n<p>Todos os pacientes que ser\u00e3o atendidos passar\u00e3o por uma triagem pr\u00e9via iniciada pelos agentes de sa\u00fade. Entre os grupos priorit\u00e1rios para o atendimento est\u00e3o aqueles com mais de 50 anos, diab\u00e9ticos e hipertensos ou crian\u00e7as a partir de 10 anos com baixa acuidade visual.<\/p>\n<p>\u201cA parceria com o Instituto ir\u00e1 promover sa\u00fade preventiva, diminuir demandas reprimidas e cuidar de forma mais eficaz toda a popula\u00e7\u00e3o\u201d, explicou a secret\u00e1ria Myllena Orrico.<\/p>\n<p style=\"text-align: right\">Ascom\/PMI<\/p>\n","protected":false},"excerpt":{"rendered":"<p>Uma parceria entre a prefeitura municipal e o Instituto Mais Vis\u00e3o levar\u00e1 cerca de 20 tipos de exames oftalmol\u00f3gicos aos itapetinguenses. Com o objetivo de detectar precocemente doen\u00e7as oculares, uma unidade m\u00f3vel circular\u00e1, entre os dias 10 e 17 de novembro, pelo munic\u00edpio de Itapetinga. O caminh\u00e3o do programa estacionar\u00e1 em Bandeira do Col\u00f4nia no &hellip;<\/p>\n","protected":false},"author":3,"featured_media":17967,"comment_status":"closed","ping_status":"closed","sticky":false,"template":"","format":"standard","meta":{"_links_to":"","_links_to_target":""},"categories":[13],"tags":[],"views":179,"_links":{"self":[{"href":"https:\/\/www.programapodcast.com.br\/v1\/wp-json\/wp\/v2\/posts\/17966"}],"collection":[{"href":"https:\/\/www.programapodcast.com.br\/v1\/wp-json\/wp\/v2\/posts"}],"about":[{"href":"https:\/\/www.programapodcast.com.br\/v1\/wp-json\/wp\/v2\/types\/post"}],"author":[{"embeddable":true,"href":"https:\/\/www.programapodcast.com.br\/v1\/wp-json\/wp\/v2\/users\/3"}],"replies":[{"embeddable":true,"href":"https:\/\/www.programapodcast.com.br\/v1\/wp-json\/wp\/v2\/comments?post=17966"}],"version-history":[{"count":1,"href":"https:\/\/www.programapodcast.com.br\/v1\/wp-json\/wp\/v2\/posts\/17966\/revisions"}],"predecessor-version":[{"id":17968,"href":"https:\/\/www.programapodcast.com.br\/v1\/wp-json\/wp\/v2\/posts\/17966\/revisions\/17968"}],"wp:featuredmedia":[{"embeddable":true,"href":"https:\/\/www.programapodcast.com.br\/v1\/wp-json\/wp\/v2\/media\/17967"}],"wp:attachment":[{"href":"https:\/\/www.programapodcast.com.br\/v1\/wp-json\/wp\/v2\/media?parent=17966"}],"wp:term":[{"taxonomy":"category","embeddable":true,"href":"https:\/\/www.programapodcast.com.br\/v1\/wp-json\/wp\/v2\/categories?post=17966"},{"taxonomy":"post_tag","embeddable":true,"href":"https:\/\/www.programapodcast.com.br\/v1\/wp-json\/wp\/v2\/tags?post=17966"}],"curies":[{"name":"wp","href":"https:\/\/api.w.org\/{rel}","templated":true}]}}