{"id":17959,"date":"2025-11-05T11:10:36","date_gmt":"2025-11-05T14:10:36","guid":{"rendered":"https:\/\/www.programapodcast.com.br\/v1\/?p=17959"},"modified":"2025-11-05T11:10:36","modified_gmt":"2025-11-05T14:10:36","slug":"prefeitura-de-itapetinga-leva-mais-saude-ao-projeto-vou-viver","status":"publish","type":"post","link":"https:\/\/www.programapodcast.com.br\/v1\/2025\/11\/05\/prefeitura-de-itapetinga-leva-mais-saude-ao-projeto-vou-viver\/","title":{"rendered":"Prefeitura de Itapetinga leva mais sa\u00fade ao Projeto Vou Viver"},"content":{"rendered":"<p>Nesta ter\u00e7a-feira, 04, a secretaria de sa\u00fade municipal levou atendimentos para o Projeto Vou Viver. A equipe do Centro de Refer\u00eancia para ISTs SAE\/CTA realizou testes r\u00e1pidos para HIV, hepatite B e C e s\u00edfilis nos 20 internos que buscaram o Projeto para o tratamento de problemas como alcoolismo e depend\u00eancia de outras drogas.<\/p>\n<p>A secret\u00e1ria de Sa\u00fade, Myllena Orrico explicou que a testagem em centros de tratamento de drogas\u00a0\u00e9 crucial devido \u00e0\u00a0maior vulnerabilidade\u00a0dessa popula\u00e7\u00e3o a essas infec\u00e7\u00f5es e por conta dos benef\u00edcios do\u00a0diagn\u00f3stico e tratamento precoces. Al\u00e9m, claro, de evitar novas transmiss\u00f5es das doen\u00e7as.Muitas ISTs &#8211; e at\u00e9 mesmo a fase inicial da infec\u00e7\u00e3o por HIV &#8211; n\u00e3o apresentam sintomas \u00f3bvios, tornando a testagem regular a \u00fanica forma de detec\u00e7\u00e3o.<span data-animation-atomic=\"\" data-processed=\"true\">\u00a0<\/span><\/p>\n<p>Por isso, a secretaria, em parceria com o Pastor Jean Doriel, foi at\u00e9 o Projeto, localizado no Bem Querer II, com testes que levam apenas 20 minutos para detectar doen\u00e7as e infec\u00e7\u00f5es.<\/p>\n<p>\u201cO processo inclui o aconselhamento, que educa os pacientes sobre pr\u00e1ticas mais seguras, a import\u00e2ncia do uso de preservativos e o uso exclusivo de equipamentos para o consumo de drogas injet\u00e1veis, refor\u00e7ando as estrat\u00e9gias de preven\u00e7\u00e3o\u201d, explicou Myllena Orrico ao destacar que testagens em centros de tratamento s\u00e3o pol\u00edticas p\u00fablicas fundamentais para conter a dissemina\u00e7\u00e3o dessas doen\u00e7as.<\/p>\n<p>&nbsp;<\/p>\n","protected":false},"excerpt":{"rendered":"<p>Nesta ter\u00e7a-feira, 04, a secretaria de sa\u00fade municipal levou atendimentos para o Projeto Vou Viver. A equipe do Centro de Refer\u00eancia para ISTs SAE\/CTA realizou testes r\u00e1pidos para HIV, hepatite B e C e s\u00edfilis nos 20 internos que buscaram o Projeto para o tratamento de problemas como alcoolismo e depend\u00eancia de outras drogas. A &hellip;<\/p>\n","protected":false},"author":3,"featured_media":17960,"comment_status":"closed","ping_status":"closed","sticky":false,"template":"","format":"standard","meta":{"_links_to":"","_links_to_target":""},"categories":[13],"tags":[],"views":200,"_links":{"self":[{"href":"https:\/\/www.programapodcast.com.br\/v1\/wp-json\/wp\/v2\/posts\/17959"}],"collection":[{"href":"https:\/\/www.programapodcast.com.br\/v1\/wp-json\/wp\/v2\/posts"}],"about":[{"href":"https:\/\/www.programapodcast.com.br\/v1\/wp-json\/wp\/v2\/types\/post"}],"author":[{"embeddable":true,"href":"https:\/\/www.programapodcast.com.br\/v1\/wp-json\/wp\/v2\/users\/3"}],"replies":[{"embeddable":true,"href":"https:\/\/www.programapodcast.com.br\/v1\/wp-json\/wp\/v2\/comments?post=17959"}],"version-history":[{"count":1,"href":"https:\/\/www.programapodcast.com.br\/v1\/wp-json\/wp\/v2\/posts\/17959\/revisions"}],"predecessor-version":[{"id":17961,"href":"https:\/\/www.programapodcast.com.br\/v1\/wp-json\/wp\/v2\/posts\/17959\/revisions\/17961"}],"wp:featuredmedia":[{"embeddable":true,"href":"https:\/\/www.programapodcast.com.br\/v1\/wp-json\/wp\/v2\/media\/17960"}],"wp:attachment":[{"href":"https:\/\/www.programapodcast.com.br\/v1\/wp-json\/wp\/v2\/media?parent=17959"}],"wp:term":[{"taxonomy":"category","embeddable":true,"href":"https:\/\/www.programapodcast.com.br\/v1\/wp-json\/wp\/v2\/categories?post=17959"},{"taxonomy":"post_tag","embeddable":true,"href":"https:\/\/www.programapodcast.com.br\/v1\/wp-json\/wp\/v2\/tags?post=17959"}],"curies":[{"name":"wp","href":"https:\/\/api.w.org\/{rel}","templated":true}]}}