{"id":17912,"date":"2025-10-29T11:58:25","date_gmt":"2025-10-29T14:58:25","guid":{"rendered":"https:\/\/www.programapodcast.com.br\/v1\/?p=17912"},"modified":"2025-10-29T11:58:25","modified_gmt":"2025-10-29T14:58:25","slug":"prefeituras-de-itapetinga-e-itotoro-se-unem-para-limpeza-do-rio-colonia","status":"publish","type":"post","link":"https:\/\/www.programapodcast.com.br\/v1\/2025\/10\/29\/prefeituras-de-itapetinga-e-itotoro-se-unem-para-limpeza-do-rio-colonia\/","title":{"rendered":"Prefeituras de Itapetinga e Itotor\u00f3 se unem para limpeza do Rio Col\u00f4nia"},"content":{"rendered":"<p>Uma parceria entre prefeitura de Itapetinga e de Itoror\u00f3 tem promovido preven\u00e7\u00e3o e cuidado com o meio ambiente. Nesta semana, um servi\u00e7o de limpeza do Rio Col\u00f4nia come\u00e7ou a fazer a retirada de entulhos, a dragagem e a recomposi\u00e7\u00e3o dos canais pluviais.<\/p>\n<p>O m\u00eas de novembro \u00e9 conhecido pela instabilidade do tempo e fortes chuvas. Por isso, o trabalho visa prevenir enchentes e alagamentos como registrados em 2021 e 2022.<\/p>\n<p>\u201cNosso trabalho aqui \u00e9 o de antever os problemas e tentar evita-los ou minimiz\u00e1-los. Em 2021 a gente acompanhou os problemas que podem ser causados por um rio assoreado. Hoje, a gente est\u00e1 aqui com o maquin\u00e1rio cedido pelo Cons\u00f3rcio do M\u00e9dio Sudoeste para garantir maior vaz\u00e3o das \u00e1guas em casa de chuvas fortes\u201d, explicou o prefeito Eduardo Hagge.<\/p>\n<p>O Rio Col\u00f4nia divide o distrito de Bandeira do Col\u00f4nia e a cidade de Itoror\u00f3. A parceria para sua limpeza visa oferecer mais seguran\u00e7a \u00e0 popula\u00e7\u00e3o dos dois munic\u00edpios.<\/p>\n<p style=\"text-align: right\">Ascom\/PMI<\/p>\n","protected":false},"excerpt":{"rendered":"<p>Uma parceria entre prefeitura de Itapetinga e de Itoror\u00f3 tem promovido preven\u00e7\u00e3o e cuidado com o meio ambiente. Nesta semana, um servi\u00e7o de limpeza do Rio Col\u00f4nia come\u00e7ou a fazer a retirada de entulhos, a dragagem e a recomposi\u00e7\u00e3o dos canais pluviais. O m\u00eas de novembro \u00e9 conhecido pela instabilidade do tempo e fortes chuvas. &hellip;<\/p>\n","protected":false},"author":3,"featured_media":17913,"comment_status":"closed","ping_status":"closed","sticky":false,"template":"","format":"standard","meta":{"_links_to":"","_links_to_target":""},"categories":[13],"tags":[],"views":229,"_links":{"self":[{"href":"https:\/\/www.programapodcast.com.br\/v1\/wp-json\/wp\/v2\/posts\/17912"}],"collection":[{"href":"https:\/\/www.programapodcast.com.br\/v1\/wp-json\/wp\/v2\/posts"}],"about":[{"href":"https:\/\/www.programapodcast.com.br\/v1\/wp-json\/wp\/v2\/types\/post"}],"author":[{"embeddable":true,"href":"https:\/\/www.programapodcast.com.br\/v1\/wp-json\/wp\/v2\/users\/3"}],"replies":[{"embeddable":true,"href":"https:\/\/www.programapodcast.com.br\/v1\/wp-json\/wp\/v2\/comments?post=17912"}],"version-history":[{"count":1,"href":"https:\/\/www.programapodcast.com.br\/v1\/wp-json\/wp\/v2\/posts\/17912\/revisions"}],"predecessor-version":[{"id":17914,"href":"https:\/\/www.programapodcast.com.br\/v1\/wp-json\/wp\/v2\/posts\/17912\/revisions\/17914"}],"wp:featuredmedia":[{"embeddable":true,"href":"https:\/\/www.programapodcast.com.br\/v1\/wp-json\/wp\/v2\/media\/17913"}],"wp:attachment":[{"href":"https:\/\/www.programapodcast.com.br\/v1\/wp-json\/wp\/v2\/media?parent=17912"}],"wp:term":[{"taxonomy":"category","embeddable":true,"href":"https:\/\/www.programapodcast.com.br\/v1\/wp-json\/wp\/v2\/categories?post=17912"},{"taxonomy":"post_tag","embeddable":true,"href":"https:\/\/www.programapodcast.com.br\/v1\/wp-json\/wp\/v2\/tags?post=17912"}],"curies":[{"name":"wp","href":"https:\/\/api.w.org\/{rel}","templated":true}]}}