{"id":17865,"date":"2025-10-23T15:06:13","date_gmt":"2025-10-23T18:06:13","guid":{"rendered":"https:\/\/www.programapodcast.com.br\/v1\/?p=17865"},"modified":"2025-10-23T15:27:38","modified_gmt":"2025-10-23T18:27:38","slug":"fazenda-gramado-realiza-grande-leilao-presencial-em-itapetinga-nos-dias-8-e-9-de-novembro","status":"publish","type":"post","link":"https:\/\/www.programapodcast.com.br\/v1\/2025\/10\/23\/fazenda-gramado-realiza-grande-leilao-presencial-em-itapetinga-nos-dias-8-e-9-de-novembro\/","title":{"rendered":"Fazenda Gramado realiza grande Leil\u00e3o Presencial em Itapetinga nos dias 8 e 9 de novembro"},"content":{"rendered":"<p>Itapetinga, no sudoeste baiano, ser\u00e1 palco de um dos eventos mais aguardados do agroneg\u00f3cio da Bahia. Nos dias 08 e 09 de novembro, a partir do meio-dia, a Fazenda Gramado promove seu tradicional Leil\u00e3o Presencial de Touros e F\u00eameas Nelore, reunindo criadores, investidores e apaixonados pelo setor rural de toda a regi\u00e3o.<\/p>\n<p>O evento promete movimentar o cen\u00e1rio agropecu\u00e1rio, apresentando gen\u00e9tica de alto padr\u00e3o e exemplares de excel\u00eancia, resultado de anos de investimento em melhoramento e sele\u00e7\u00e3o da ra\u00e7a Nelore.<br \/>\nAl\u00e9m da presen\u00e7a de criadores renomados, o Leil\u00e3o contar\u00e1 com a transmiss\u00e3o ao vivo pelo canal oficial da Rancho Leil\u00f5es no YouTube, permitindo que compradores e interessados acompanhem cada lance em tempo real.<\/p>\n<p>Com patroc\u00ednio do Grupo FrigoSol, refer\u00eancia em qualidade e confian\u00e7a no mercado de carnes premium, o evento refor\u00e7a a for\u00e7a e a tradi\u00e7\u00e3o do agroneg\u00f3cio baiano, valorizando o trabalho do campo e a produ\u00e7\u00e3o regional.<\/p>\n<p>A realiza\u00e7\u00e3o \u00e9 da PMGZ e Lance Rural, com a chancela da Rancho Leil\u00f5es, garantindo organiza\u00e7\u00e3o e credibilidade a um encontro que j\u00e1 se consolidou no calend\u00e1rio rural do estado.<\/p>\n<p>\u201cEste \u00e9 mais que um leil\u00e3o: \u00e9 uma celebra\u00e7\u00e3o do trabalho, da gen\u00e9tica e da for\u00e7a do produtor baiano\u201d, destaca a organiza\u00e7\u00e3o do evento.<\/p>\n","protected":false},"excerpt":{"rendered":"<p>Itapetinga, no sudoeste baiano, ser\u00e1 palco de um dos eventos mais aguardados do agroneg\u00f3cio da Bahia. Nos dias 08 e 09 de novembro, a partir do meio-dia, a Fazenda Gramado promove seu tradicional Leil\u00e3o Presencial de Touros e F\u00eameas Nelore, reunindo criadores, investidores e apaixonados pelo setor rural de toda a regi\u00e3o. O evento promete &hellip;<\/p>\n","protected":false},"author":3,"featured_media":17868,"comment_status":"closed","ping_status":"closed","sticky":false,"template":"","format":"standard","meta":{"_links_to":"","_links_to_target":""},"categories":[13],"tags":[],"views":196,"_links":{"self":[{"href":"https:\/\/www.programapodcast.com.br\/v1\/wp-json\/wp\/v2\/posts\/17865"}],"collection":[{"href":"https:\/\/www.programapodcast.com.br\/v1\/wp-json\/wp\/v2\/posts"}],"about":[{"href":"https:\/\/www.programapodcast.com.br\/v1\/wp-json\/wp\/v2\/types\/post"}],"author":[{"embeddable":true,"href":"https:\/\/www.programapodcast.com.br\/v1\/wp-json\/wp\/v2\/users\/3"}],"replies":[{"embeddable":true,"href":"https:\/\/www.programapodcast.com.br\/v1\/wp-json\/wp\/v2\/comments?post=17865"}],"version-history":[{"count":1,"href":"https:\/\/www.programapodcast.com.br\/v1\/wp-json\/wp\/v2\/posts\/17865\/revisions"}],"predecessor-version":[{"id":17867,"href":"https:\/\/www.programapodcast.com.br\/v1\/wp-json\/wp\/v2\/posts\/17865\/revisions\/17867"}],"wp:featuredmedia":[{"embeddable":true,"href":"https:\/\/www.programapodcast.com.br\/v1\/wp-json\/wp\/v2\/media\/17868"}],"wp:attachment":[{"href":"https:\/\/www.programapodcast.com.br\/v1\/wp-json\/wp\/v2\/media?parent=17865"}],"wp:term":[{"taxonomy":"category","embeddable":true,"href":"https:\/\/www.programapodcast.com.br\/v1\/wp-json\/wp\/v2\/categories?post=17865"},{"taxonomy":"post_tag","embeddable":true,"href":"https:\/\/www.programapodcast.com.br\/v1\/wp-json\/wp\/v2\/tags?post=17865"}],"curies":[{"name":"wp","href":"https:\/\/api.w.org\/{rel}","templated":true}]}}