{"id":17766,"date":"2025-10-07T16:09:51","date_gmt":"2025-10-07T19:09:51","guid":{"rendered":"https:\/\/www.programapodcast.com.br\/v1\/?p=17766"},"modified":"2025-10-07T16:10:28","modified_gmt":"2025-10-07T19:10:28","slug":"prefeitura-enrtega-reforma-e-ampliacao-da-escola-dr-clodoaldo-de-oliveira-costa","status":"publish","type":"post","link":"https:\/\/www.programapodcast.com.br\/v1\/2025\/10\/07\/prefeitura-enrtega-reforma-e-ampliacao-da-escola-dr-clodoaldo-de-oliveira-costa\/","title":{"rendered":"Prefeitura enrtega reforma e amplia\u00e7\u00e3o da Escola Dr. Clodoaldo de Oliveira Costa"},"content":{"rendered":"<p>Nesta ter\u00e7a-feira, 07, a prefeitura de Itapetinga entregou ao bairro Vila Isabel, a reforma e amplia\u00e7\u00e3o da escola Clodoaldo Oliveira Costa. Inaugurada em 1983, pelo ent\u00e3o prefeito, o saudoso Michel Hagge, a escola passou, agora, por uma grande reestrutura\u00e7\u00e3o, ganhando pisos, forros e mobili\u00e1rios novos, novas salas, algumas j\u00e1 climatizadas, m\u00f3dulo administrativo, novas \u00e1reas de lazer e muito mais cor.<\/p>\n<p>De acordo com o Gestor, Paulo Santos, durante cinco meses, uma equipe bem coordenada trabalhou para que hoje pud\u00e9ssemos acompanhar essa grande conquista. Paulo destacou ainda a qualidade da equipe pedag\u00f3gica e do trabalho desempenhado na escola. O gestou anunciou que Itapetinga receber\u00e1, na escola Clodoaldo Costa, o primeiro n\u00facleo da orquestra contempor\u00e2nea brasileira, ressaltando o trabalho de forma\u00e7\u00e3o que vai al\u00e9m das regras gramaticais e c\u00e1lculos matem\u00e1ticos.<\/p>\n<p>\u201cDesde o in\u00edcio, o nosso objetivo era oferecer mais conforto para toda a comunidade escolar: professores, alunos e pais. A gente acredita que um ambiente adequado, que ofere\u00e7a maior conforto reflete positivamente no processo de ensino e aprendizagem\u201d afirmou o secret\u00e1rio de educa\u00e7\u00e3o, Alecio Chaves.<\/p>\n<p>Al\u00e9m de uma escola nova, com quadra recuperada e pintada, os mais de 340 alunos da Escola Dr. Clodoaldo de Oliveira Costa ganharam, tamb\u00e9m uma Sala de AEE para melhor atender os alunos da educa\u00e7\u00e3o especial, promovendo maior inclus\u00e3o e melhor desenvolvimento.<\/p>\n<p>\u201cN\u00f3s vamos seguir proporcionando melhores condi\u00e7\u00f5es para o ensino e a aprendizagem. N\u00f3s vamos continuar investindo nas nossas crian\u00e7as e jovens, para que cada conquista sirva de exemplo para novos sonhos e grandes vit\u00f3rias\u201d, afirmou o prefeito Eduardo Hagge.<\/p>\n<p style=\"text-align: right\">Ascom\/PMI<\/p>\n","protected":false},"excerpt":{"rendered":"<p>Nesta ter\u00e7a-feira, 07, a prefeitura de Itapetinga entregou ao bairro Vila Isabel, a reforma e amplia\u00e7\u00e3o da escola Clodoaldo Oliveira Costa. Inaugurada em 1983, pelo ent\u00e3o prefeito, o saudoso Michel Hagge, a escola passou, agora, por uma grande reestrutura\u00e7\u00e3o, ganhando pisos, forros e mobili\u00e1rios novos, novas salas, algumas j\u00e1 climatizadas, m\u00f3dulo administrativo, novas \u00e1reas de &hellip;<\/p>\n","protected":false},"author":3,"featured_media":17767,"comment_status":"closed","ping_status":"closed","sticky":false,"template":"","format":"standard","meta":{"_links_to":"","_links_to_target":""},"categories":[13],"tags":[],"views":256,"_links":{"self":[{"href":"https:\/\/www.programapodcast.com.br\/v1\/wp-json\/wp\/v2\/posts\/17766"}],"collection":[{"href":"https:\/\/www.programapodcast.com.br\/v1\/wp-json\/wp\/v2\/posts"}],"about":[{"href":"https:\/\/www.programapodcast.com.br\/v1\/wp-json\/wp\/v2\/types\/post"}],"author":[{"embeddable":true,"href":"https:\/\/www.programapodcast.com.br\/v1\/wp-json\/wp\/v2\/users\/3"}],"replies":[{"embeddable":true,"href":"https:\/\/www.programapodcast.com.br\/v1\/wp-json\/wp\/v2\/comments?post=17766"}],"version-history":[{"count":2,"href":"https:\/\/www.programapodcast.com.br\/v1\/wp-json\/wp\/v2\/posts\/17766\/revisions"}],"predecessor-version":[{"id":17769,"href":"https:\/\/www.programapodcast.com.br\/v1\/wp-json\/wp\/v2\/posts\/17766\/revisions\/17769"}],"wp:featuredmedia":[{"embeddable":true,"href":"https:\/\/www.programapodcast.com.br\/v1\/wp-json\/wp\/v2\/media\/17767"}],"wp:attachment":[{"href":"https:\/\/www.programapodcast.com.br\/v1\/wp-json\/wp\/v2\/media?parent=17766"}],"wp:term":[{"taxonomy":"category","embeddable":true,"href":"https:\/\/www.programapodcast.com.br\/v1\/wp-json\/wp\/v2\/categories?post=17766"},{"taxonomy":"post_tag","embeddable":true,"href":"https:\/\/www.programapodcast.com.br\/v1\/wp-json\/wp\/v2\/tags?post=17766"}],"curies":[{"name":"wp","href":"https:\/\/api.w.org\/{rel}","templated":true}]}}